{"id":2711,"date":"2023-03-16T12:19:59","date_gmt":"2023-03-16T11:19:59","guid":{"rendered":"https:\/\/agora.xtec.cat\/escguillemisarn\/?p=2711"},"modified":"2023-03-16T12:19:59","modified_gmt":"2023-03-16T11:19:59","slug":"stop-bullying","status":"publish","type":"post","link":"https:\/\/agora.xtec.cat\/escguillemisarn\/general\/stop-bullying\/","title":{"rendered":"STOP BULLYING!"},"content":{"rendered":"<p><a href=\"https:\/\/agora.xtec.cat\/escguillemisarn\/wp-content\/uploads\/usu1631\/2023\/03\/combatir-el-acoso-escolar-1597057714.jpg\"><img loading=\"lazy\" decoding=\"async\" class=\"alignnone size-full wp-image-2712\" src=\"https:\/\/agora.xtec.cat\/escguillemisarn\/wp-content\/uploads\/usu1631\/2023\/03\/combatir-el-acoso-escolar-1597057714.jpg\" alt=\"\" width=\"626\" height=\"417\" srcset=\"https:\/\/agora.xtec.cat\/escguillemisarn\/wp-content\/uploads\/usu1631\/2023\/03\/combatir-el-acoso-escolar-1597057714.jpg 626w, https:\/\/agora.xtec.cat\/escguillemisarn\/wp-content\/uploads\/usu1631\/2023\/03\/combatir-el-acoso-escolar-1597057714-300x200.jpg 300w\" sizes=\"auto, (max-width: 626px) 100vw, 626px\" \/><\/a><\/p>\n<p>Els nens i nenes de cinqu\u00e8 hem realitzat un v\u00eddeo per conscienciar els nostres companys\/es, mestres, pares i mares i en definitiva a tothom sobre la import\u00e0ncia de la prevenci\u00f3 i erradicaci\u00f3 del bullying! Ens ho hem passat molt b\u00e9 fent d&#8217;actors i actrius i durant la preparaci\u00f3 i gravaci\u00f3 del curt han sorgit reflexions molt interessants entorn el bullying. Tots nosaltres podem aportar el nostre granet de sorra per aconseguir un m\u00f3n millor!<\/p>\n<p>Voleu veure&#8217;n el resultat final? Cliqueu al seg\u00fcent enlla\u00e7:<\/p>\n<p><a href=\"https:\/\/photos.app.goo.gl\/Temk84N5R1JMFoni9\">https:\/\/photos.app.goo.gl\/Temk84N5R1JMFoni9<\/a><\/p>\n","protected":false},"excerpt":{"rendered":"<p><a href=\"https:\/\/agora.xtec.cat\/escguillemisarn\/wp-content\/uploads\/usu1631\/2023\/03\/combatir-el-acoso-escolar-1597057714.jpg\"><\/a><br \/>\nEls nens i nenes de cinqu\u00e8 hem realitzat un v\u00eddeo per conscienciar els nostres companys\/es, mestres, pares i mares i en definitiva a tothom sobre la import\u00e0ncia de la prevenci\u00f3 i erradicaci\u00f3 del bullying! Ens ho hem passat molt b\u00e9 fent d&#8217;actors i actrius&hellip;  <a href=\"https:\/\/agora.xtec.cat\/escguillemisarn\/general\/stop-bullying\/\" title=\"Read STOP BULLYING!\">Llegeix m\u00e9s\u00bb<\/a><\/p>\n","protected":false},"author":1,"featured_media":2712,"comment_status":"open","ping_status":"closed","sticky":false,"template":"","format":"standard","meta":{"_bbp_topic_count":0,"_bbp_reply_count":0,"_bbp_total_topic_count":0,"_bbp_total_reply_count":0,"_bbp_voice_count":0,"_bbp_anonymous_reply_count":0,"_bbp_topic_count_hidden":0,"_bbp_reply_count_hidden":0,"_bbp_forum_subforum_count":0,"footnotes":""},"categories":[73,1,4,5],"tags":[],"class_list":["post-2711","post","type-post","status-publish","format-standard","has-post-thumbnail","hentry","category-cs","category-general","category-portada","category-primaria"],"post_mailing_queue_ids":[],"_links":{"self":[{"href":"https:\/\/agora.xtec.cat\/escguillemisarn\/wp-json\/wp\/v2\/posts\/2711","targetHints":{"allow":["GET"]}}],"collection":[{"href":"https:\/\/agora.xtec.cat\/escguillemisarn\/wp-json\/wp\/v2\/posts"}],"about":[{"href":"https:\/\/agora.xtec.cat\/escguillemisarn\/wp-json\/wp\/v2\/types\/post"}],"author":[{"embeddable":true,"href":"https:\/\/agora.xtec.cat\/escguillemisarn\/wp-json\/wp\/v2\/users\/1"}],"replies":[{"embeddable":true,"href":"https:\/\/agora.xtec.cat\/escguillemisarn\/wp-json\/wp\/v2\/comments?post=2711"}],"version-history":[{"count":1,"href":"https:\/\/agora.xtec.cat\/escguillemisarn\/wp-json\/wp\/v2\/posts\/2711\/revisions"}],"predecessor-version":[{"id":2713,"href":"https:\/\/agora.xtec.cat\/escguillemisarn\/wp-json\/wp\/v2\/posts\/2711\/revisions\/2713"}],"wp:featuredmedia":[{"embeddable":true,"href":"https:\/\/agora.xtec.cat\/escguillemisarn\/wp-json\/wp\/v2\/media\/2712"}],"wp:attachment":[{"href":"https:\/\/agora.xtec.cat\/escguillemisarn\/wp-json\/wp\/v2\/media?parent=2711"}],"wp:term":[{"taxonomy":"category","embeddable":true,"href":"https:\/\/agora.xtec.cat\/escguillemisarn\/wp-json\/wp\/v2\/categories?post=2711"},{"taxonomy":"post_tag","embeddable":true,"href":"https:\/\/agora.xtec.cat\/escguillemisarn\/wp-json\/wp\/v2\/tags?post=2711"}],"curies":[{"name":"wp","href":"https:\/\/api.w.org\/{rel}","templated":true}]}}