{"id":2684,"date":"2023-03-23T21:48:41","date_gmt":"2023-03-23T20:48:41","guid":{"rendered":"https:\/\/agora.xtec.cat\/escguillemisarn\/?p=2684"},"modified":"2023-03-23T21:48:41","modified_gmt":"2023-03-23T20:48:41","slug":"coneixem-lhivern","status":"publish","type":"post","link":"https:\/\/agora.xtec.cat\/escguillemisarn\/general\/coneixem-lhivern\/","title":{"rendered":"CONEIXEM L&#8217;HIVERN!!"},"content":{"rendered":"<p><a href=\"https:\/\/agora.xtec.cat\/escguillemisarn\/wp-content\/uploads\/usu1631\/2023\/03\/photo_2023-02-19_11-11-15.jpg\"><img loading=\"lazy\" decoding=\"async\" class=\"wp-image-2685 alignleft\" src=\"https:\/\/agora.xtec.cat\/escguillemisarn\/wp-content\/uploads\/usu1631\/2023\/03\/photo_2023-02-19_11-11-15-1024x1008.jpg\" alt=\"\" width=\"147\" height=\"145\" srcset=\"https:\/\/agora.xtec.cat\/escguillemisarn\/wp-content\/uploads\/usu1631\/2023\/03\/photo_2023-02-19_11-11-15-1024x1008.jpg 1024w, https:\/\/agora.xtec.cat\/escguillemisarn\/wp-content\/uploads\/usu1631\/2023\/03\/photo_2023-02-19_11-11-15-300x295.jpg 300w, https:\/\/agora.xtec.cat\/escguillemisarn\/wp-content\/uploads\/usu1631\/2023\/03\/photo_2023-02-19_11-11-15-768x756.jpg 768w, https:\/\/agora.xtec.cat\/escguillemisarn\/wp-content\/uploads\/usu1631\/2023\/03\/photo_2023-02-19_11-11-15.jpg 1280w\" sizes=\"auto, (max-width: 147px) 100vw, 147px\" \/><\/a><\/p>\n<p>Ja s&#8217;ha acabat l&#8217;hivern i el fred&#8230; A continuaci\u00f3 us deixem un recull de fotos d&#8217;algunes de les activitats que hem fet aquest trimestre a educaci\u00f3 infantil per tal de con\u00e9ixer millor les caracter\u00edstiques de l&#8217;hivern. Esperem que us agradin! Nosaltres les hem gaudit molt!!<\/p>\n<p><a href=\"https:\/\/photos.app.goo.gl\/VjJm6x9Gjusy6pfZ8\">https:\/\/photos.app.goo.gl\/VjJm6x9Gjusy6pfZ8<\/a><\/p>\n<p>&nbsp;<\/p>\n","protected":false},"excerpt":{"rendered":"<p><a href=\"https:\/\/agora.xtec.cat\/escguillemisarn\/wp-content\/uploads\/usu1631\/2023\/03\/photo_2023-02-19_11-11-15.jpg\"><\/a><br \/>\nJa s&#8217;ha acabat l&#8217;hivern i el fred&#8230; A continuaci\u00f3 us deixem un recull de fotos d&#8217;algunes de les activitats que hem fet aquest trimestre a educaci\u00f3 infantil per tal de con\u00e9ixer millor les caracter\u00edstiques de l&#8217;hivern. Esperem que us agradin! Nosaltres les hem gaudit&hellip;  <a href=\"https:\/\/agora.xtec.cat\/escguillemisarn\/general\/coneixem-lhivern\/\" title=\"Read CONEIXEM L&#8217;HIVERN!!\">Llegeix m\u00e9s\u00bb<\/a><\/p>\n","protected":false},"author":14,"featured_media":0,"comment_status":"open","ping_status":"closed","sticky":false,"template":"","format":"standard","meta":{"_bbp_topic_count":0,"_bbp_reply_count":0,"_bbp_total_topic_count":0,"_bbp_total_reply_count":0,"_bbp_voice_count":0,"_bbp_anonymous_reply_count":0,"_bbp_topic_count_hidden":0,"_bbp_reply_count_hidden":0,"_bbp_forum_subforum_count":0,"footnotes":""},"categories":[1,2,4],"tags":[],"class_list":["post-2684","post","type-post","status-publish","format-standard","hentry","category-general","category-infantil","category-portada"],"post_mailing_queue_ids":[],"_links":{"self":[{"href":"https:\/\/agora.xtec.cat\/escguillemisarn\/wp-json\/wp\/v2\/posts\/2684","targetHints":{"allow":["GET"]}}],"collection":[{"href":"https:\/\/agora.xtec.cat\/escguillemisarn\/wp-json\/wp\/v2\/posts"}],"about":[{"href":"https:\/\/agora.xtec.cat\/escguillemisarn\/wp-json\/wp\/v2\/types\/post"}],"author":[{"embeddable":true,"href":"https:\/\/agora.xtec.cat\/escguillemisarn\/wp-json\/wp\/v2\/users\/14"}],"replies":[{"embeddable":true,"href":"https:\/\/agora.xtec.cat\/escguillemisarn\/wp-json\/wp\/v2\/comments?post=2684"}],"version-history":[{"count":2,"href":"https:\/\/agora.xtec.cat\/escguillemisarn\/wp-json\/wp\/v2\/posts\/2684\/revisions"}],"predecessor-version":[{"id":2731,"href":"https:\/\/agora.xtec.cat\/escguillemisarn\/wp-json\/wp\/v2\/posts\/2684\/revisions\/2731"}],"wp:attachment":[{"href":"https:\/\/agora.xtec.cat\/escguillemisarn\/wp-json\/wp\/v2\/media?parent=2684"}],"wp:term":[{"taxonomy":"category","embeddable":true,"href":"https:\/\/agora.xtec.cat\/escguillemisarn\/wp-json\/wp\/v2\/categories?post=2684"},{"taxonomy":"post_tag","embeddable":true,"href":"https:\/\/agora.xtec.cat\/escguillemisarn\/wp-json\/wp\/v2\/tags?post=2684"}],"curies":[{"name":"wp","href":"https:\/\/api.w.org\/{rel}","templated":true}]}}