{"id":2680,"date":"2023-03-02T20:32:32","date_gmt":"2023-03-02T19:32:32","guid":{"rendered":"https:\/\/agora.xtec.cat\/escguillemisarn\/?p=2680"},"modified":"2023-03-02T20:32:32","modified_gmt":"2023-03-02T19:32:32","slug":"observem-amb-els-microscopis","status":"publish","type":"post","link":"https:\/\/agora.xtec.cat\/escguillemisarn\/general\/observem-amb-els-microscopis\/","title":{"rendered":"Observem amb els microscopis!"},"content":{"rendered":"<p>Avui, 2 de mar\u00e7, les nenes i els nens de 3r i 4t hem estat tota la tarda observant diferents objectes\u00a0 i materials d&#8217;una manera molt especial.<\/p>\n<p>De la m\u00e0 de l&#8217;Israel Mauri, pare de l&#8217;escola, hem pogut sorprendre&#8217;ns a cada minut.\u00a0 Ens ha ensenyat de qu\u00e8 estem fets els \u00e9ssers vius: de c\u00e8l\u00b7lules. I per aix\u00f2 ens ha mostrat com podem veure-les d&#8217;una manera ben curiosa i impressionant, amb microscopis.<\/p>\n<p>Hem observat de tot: una capa de ceba, una ala d&#8217;abella, fang, fulles, flors, floridures, clasques d&#8217;ou, esponges, estrelles de mar, un cabell, sorra, sucre, sal, la nostra pell, c\u00e8ntims,&#8230; i molt\u00edssimes coses m\u00e9s.\u00a0 A mesura que an\u00e0vem observant materials, se&#8217;ns anaven acudint altres idees, materials o objectes per posar en aquestes lupes gegants!!<\/p>\n<p>A m\u00e9s, ens ha ensenyat com enfocar les lents d&#8217;aquests aparells per poder obtenir unes imatges ben clares del tot el que hem anat veient. Ben b\u00e9 ens ha despertat la curiositat!<\/p>\n<p>Volem agrair-li a l&#8217;Israel que hagi acceptat venir a l&#8217;escola i que ens hagi donat l&#8217;oportunitat de veure en grans dimensions coses que a simple cop d&#8217;ull no es poden percebre. G R \u00c0 C I E S<\/p>\n<p>Feu clic a l&#8217;enlla\u00e7\u00a0<a href=\"https:\/\/photos.app.goo.gl\/933SFBYgXYuJvcyA6\">https:\/\/photos.app.goo.gl\/933SFBYgXYuJvcyA6<\/a><\/p>\n","protected":false},"excerpt":{"rendered":"<p>Avui, 2 de mar\u00e7, les nenes i els nens de 3r i 4t hem estat tota la tarda observant diferents objectes\u00a0 i materials d&#8217;una manera molt especial.<br \/>\nDe la m\u00e0 de l&#8217;Israel Mauri, pare de l&#8217;escola, hem pogut sorprendre&#8217;ns a cada minut.\u00a0 Ens ha ensenyat de&hellip;  <a href=\"https:\/\/agora.xtec.cat\/escguillemisarn\/general\/observem-amb-els-microscopis\/\" title=\"Read Observem amb els microscopis!\">Llegeix m\u00e9s\u00bb<\/a><\/p>\n","protected":false},"author":11,"featured_media":2681,"comment_status":"open","ping_status":"closed","sticky":false,"template":"","format":"standard","meta":{"_bbp_topic_count":0,"_bbp_reply_count":0,"_bbp_total_topic_count":0,"_bbp_total_reply_count":0,"_bbp_voice_count":0,"_bbp_anonymous_reply_count":0,"_bbp_topic_count_hidden":0,"_bbp_reply_count_hidden":0,"_bbp_forum_subforum_count":0,"footnotes":""},"categories":[72,1,4,5],"tags":[],"class_list":["post-2680","post","type-post","status-publish","format-standard","has-post-thumbnail","hentry","category-cm","category-general","category-portada","category-primaria"],"post_mailing_queue_ids":[],"_links":{"self":[{"href":"https:\/\/agora.xtec.cat\/escguillemisarn\/wp-json\/wp\/v2\/posts\/2680","targetHints":{"allow":["GET"]}}],"collection":[{"href":"https:\/\/agora.xtec.cat\/escguillemisarn\/wp-json\/wp\/v2\/posts"}],"about":[{"href":"https:\/\/agora.xtec.cat\/escguillemisarn\/wp-json\/wp\/v2\/types\/post"}],"author":[{"embeddable":true,"href":"https:\/\/agora.xtec.cat\/escguillemisarn\/wp-json\/wp\/v2\/users\/11"}],"replies":[{"embeddable":true,"href":"https:\/\/agora.xtec.cat\/escguillemisarn\/wp-json\/wp\/v2\/comments?post=2680"}],"version-history":[{"count":1,"href":"https:\/\/agora.xtec.cat\/escguillemisarn\/wp-json\/wp\/v2\/posts\/2680\/revisions"}],"predecessor-version":[{"id":2682,"href":"https:\/\/agora.xtec.cat\/escguillemisarn\/wp-json\/wp\/v2\/posts\/2680\/revisions\/2682"}],"wp:featuredmedia":[{"embeddable":true,"href":"https:\/\/agora.xtec.cat\/escguillemisarn\/wp-json\/wp\/v2\/media\/2681"}],"wp:attachment":[{"href":"https:\/\/agora.xtec.cat\/escguillemisarn\/wp-json\/wp\/v2\/media?parent=2680"}],"wp:term":[{"taxonomy":"category","embeddable":true,"href":"https:\/\/agora.xtec.cat\/escguillemisarn\/wp-json\/wp\/v2\/categories?post=2680"},{"taxonomy":"post_tag","embeddable":true,"href":"https:\/\/agora.xtec.cat\/escguillemisarn\/wp-json\/wp\/v2\/tags?post=2680"}],"curies":[{"name":"wp","href":"https:\/\/api.w.org\/{rel}","templated":true}]}}