{"id":2673,"date":"2023-03-01T10:13:29","date_gmt":"2023-03-01T09:13:29","guid":{"rendered":"https:\/\/agora.xtec.cat\/escguillemisarn\/?p=2673"},"modified":"2023-03-01T10:34:28","modified_gmt":"2023-03-01T09:34:28","slug":"taller-de-reciclatge-a-6e","status":"publish","type":"post","link":"https:\/\/agora.xtec.cat\/escguillemisarn\/general\/taller-de-reciclatge-a-6e\/","title":{"rendered":"Taller de reciclatge a 6\u00e8"},"content":{"rendered":"<p><a href=\"https:\/\/agora.xtec.cat\/escguillemisarn\/wp-content\/uploads\/usu1631\/2023\/03\/InstaFit_16776611541638085138341438862396.jpg\"><img loading=\"lazy\" decoding=\"async\" class=\"alignnone size-large wp-image-2670\" src=\"https:\/\/agora.xtec.cat\/escguillemisarn\/wp-content\/uploads\/usu1631\/2023\/03\/InstaFit_16776611541638085138341438862396-1024x1024.jpg\" alt=\"\" width=\"1024\" height=\"1024\" srcset=\"https:\/\/agora.xtec.cat\/escguillemisarn\/wp-content\/uploads\/usu1631\/2023\/03\/InstaFit_16776611541638085138341438862396-1024x1024.jpg 1024w, https:\/\/agora.xtec.cat\/escguillemisarn\/wp-content\/uploads\/usu1631\/2023\/03\/InstaFit_16776611541638085138341438862396-300x300.jpg 300w, https:\/\/agora.xtec.cat\/escguillemisarn\/wp-content\/uploads\/usu1631\/2023\/03\/InstaFit_16776611541638085138341438862396-150x150.jpg 150w, https:\/\/agora.xtec.cat\/escguillemisarn\/wp-content\/uploads\/usu1631\/2023\/03\/InstaFit_16776611541638085138341438862396-768x768.jpg 768w, https:\/\/agora.xtec.cat\/escguillemisarn\/wp-content\/uploads\/usu1631\/2023\/03\/InstaFit_16776611541638085138341438862396.jpg 1080w\" sizes=\"auto, (max-width: 1024px) 100vw, 1024px\" \/><\/a>Aquest dimecres hem rebut la visita de la Mar, de l&#8217;empresa ARUM Serveis Ambientals -dedicada a <strong>l&#8217;educaci\u00f3 ambiental<\/strong>-, qui ens ha fet un taller sobre el reciclatge. Aquest ha consistit en la resoluci\u00f3 de preguntes sobre la <strong>classificaci\u00f3 de les deixalles<\/strong> mitjan\u00e7ant el joc de l&#8217;<strong>Oca del reciclatge<\/strong>.<\/p>\n<p>Hem pogut reflexionar sobre qu\u00e8 fem b\u00e9 i qu\u00e8 podr\u00edem millorar tot jugant.<\/p>\n<p>Aqu\u00ed en podeu veure un petit recull d&#8217;imatges:<\/p>\n<p><a href=\"https:\/\/drive.google.com\/drive\/folders\/1FOA4taegdSw0CiXXDG7t3jiy919lMDsS\">https:\/\/drive.google.com\/drive\/folders\/1FOA4taegdSw0CiXXDG7t3jiy919lMDsS<\/a><\/p>\n","protected":false},"excerpt":{"rendered":"<p><a href=\"https:\/\/agora.xtec.cat\/escguillemisarn\/wp-content\/uploads\/usu1631\/2023\/03\/InstaFit_16776611541638085138341438862396.jpg\"><\/a>Aquest dimecres hem rebut la visita de la Mar, de l&#8217;empresa ARUM Serveis Ambientals -dedicada a l&#8217;educaci\u00f3 ambiental-, qui ens ha fet un taller sobre el reciclatge. Aquest ha consistit en la resoluci\u00f3 de preguntes sobre la classificaci\u00f3 de les deixalles mitjan\u00e7ant el joc&hellip;  <a href=\"https:\/\/agora.xtec.cat\/escguillemisarn\/general\/taller-de-reciclatge-a-6e\/\" title=\"Read Taller de reciclatge a 6\u00e8\">Llegeix m\u00e9s\u00bb<\/a><\/p>\n","protected":false},"author":7,"featured_media":2670,"comment_status":"open","ping_status":"closed","sticky":false,"template":"","format":"standard","meta":{"_bbp_topic_count":0,"_bbp_reply_count":0,"_bbp_total_topic_count":0,"_bbp_total_reply_count":0,"_bbp_voice_count":0,"_bbp_anonymous_reply_count":0,"_bbp_topic_count_hidden":0,"_bbp_reply_count_hidden":0,"_bbp_forum_subforum_count":0,"footnotes":""},"categories":[73,77,1,4,5],"tags":[],"class_list":["post-2673","post","type-post","status-publish","format-standard","has-post-thumbnail","hentry","category-cs","category-escola-verda","category-general","category-portada","category-primaria"],"post_mailing_queue_ids":[],"_links":{"self":[{"href":"https:\/\/agora.xtec.cat\/escguillemisarn\/wp-json\/wp\/v2\/posts\/2673","targetHints":{"allow":["GET"]}}],"collection":[{"href":"https:\/\/agora.xtec.cat\/escguillemisarn\/wp-json\/wp\/v2\/posts"}],"about":[{"href":"https:\/\/agora.xtec.cat\/escguillemisarn\/wp-json\/wp\/v2\/types\/post"}],"author":[{"embeddable":true,"href":"https:\/\/agora.xtec.cat\/escguillemisarn\/wp-json\/wp\/v2\/users\/7"}],"replies":[{"embeddable":true,"href":"https:\/\/agora.xtec.cat\/escguillemisarn\/wp-json\/wp\/v2\/comments?post=2673"}],"version-history":[{"count":3,"href":"https:\/\/agora.xtec.cat\/escguillemisarn\/wp-json\/wp\/v2\/posts\/2673\/revisions"}],"predecessor-version":[{"id":2677,"href":"https:\/\/agora.xtec.cat\/escguillemisarn\/wp-json\/wp\/v2\/posts\/2673\/revisions\/2677"}],"wp:featuredmedia":[{"embeddable":true,"href":"https:\/\/agora.xtec.cat\/escguillemisarn\/wp-json\/wp\/v2\/media\/2670"}],"wp:attachment":[{"href":"https:\/\/agora.xtec.cat\/escguillemisarn\/wp-json\/wp\/v2\/media?parent=2673"}],"wp:term":[{"taxonomy":"category","embeddable":true,"href":"https:\/\/agora.xtec.cat\/escguillemisarn\/wp-json\/wp\/v2\/categories?post=2673"},{"taxonomy":"post_tag","embeddable":true,"href":"https:\/\/agora.xtec.cat\/escguillemisarn\/wp-json\/wp\/v2\/tags?post=2673"}],"curies":[{"name":"wp","href":"https:\/\/api.w.org\/{rel}","templated":true}]}}