{"id":2660,"date":"2023-02-28T16:48:15","date_gmt":"2023-02-28T15:48:15","guid":{"rendered":"https:\/\/agora.xtec.cat\/escguillemisarn\/?p=2660"},"modified":"2023-02-28T16:48:15","modified_gmt":"2023-02-28T15:48:15","slug":"e-s-q-u-i-a-d-a-2023","status":"publish","type":"post","link":"https:\/\/agora.xtec.cat\/escguillemisarn\/general\/e-s-q-u-i-a-d-a-2023\/","title":{"rendered":"E S Q U I A D A   2023!"},"content":{"rendered":"<p><a href=\"https:\/\/agora.xtec.cat\/escguillemisarn\/wp-content\/uploads\/usu1631\/2023\/02\/esquiada-880w.jpg\"><img loading=\"lazy\" decoding=\"async\" class=\"wp-image-2661 alignleft\" src=\"https:\/\/agora.xtec.cat\/escguillemisarn\/wp-content\/uploads\/usu1631\/2023\/02\/esquiada-880w.jpg\" alt=\"\" width=\"303\" height=\"201\" srcset=\"https:\/\/agora.xtec.cat\/escguillemisarn\/wp-content\/uploads\/usu1631\/2023\/02\/esquiada-880w.jpg 880w, https:\/\/agora.xtec.cat\/escguillemisarn\/wp-content\/uploads\/usu1631\/2023\/02\/esquiada-880w-300x199.jpg 300w, https:\/\/agora.xtec.cat\/escguillemisarn\/wp-content\/uploads\/usu1631\/2023\/02\/esquiada-880w-768x511.jpg 768w\" sizes=\"auto, (max-width: 303px) 100vw, 303px\" \/><\/a>Els infants de cicle mitj\u00e0 i superior hem gaudit del dia a la neu a Port del Comte! Ha estat una jornada en que hem hagut de ser molt matiners i matineres per\u00f2 ha valgut molt la pena ja que ens ho hem passat pipa! Hem pogut esquiar amb l&#8217;ajuda dels monitors de l&#8217;estaci\u00f3 d&#8217;esqu\u00ed i a la tarda hem gaudit d&#8217;una estona de les fant\u00e0stiques baixades amb trineus, on m\u00e9s d&#8217;un i m\u00e9s d&#8217;una ha experimentat la sensaci\u00f3 de velocitat per damunt de la neu.<\/p>\n<p>Si voleu veure algunes fotografies de la jornada, aqu\u00ed us les deixem!<\/p>\n<p><a href=\"https:\/\/photos.app.goo.gl\/Rz7MZzXaPiXFhh5n6\">https:\/\/photos.app.goo.gl\/Rz7MZzXaPiXFhh5n6<\/a><\/p>\n","protected":false},"excerpt":{"rendered":"<p><a href=\"https:\/\/agora.xtec.cat\/escguillemisarn\/wp-content\/uploads\/usu1631\/2023\/02\/esquiada-880w.jpg\"><\/a>Els infants de cicle mitj\u00e0 i superior hem gaudit del dia a la neu a Port del Comte! Ha estat una jornada en que hem hagut de ser molt matiners i matineres per\u00f2 ha valgut molt la pena ja que ens ho hem passat&hellip;  <a href=\"https:\/\/agora.xtec.cat\/escguillemisarn\/general\/e-s-q-u-i-a-d-a-2023\/\" title=\"Read E S Q U I A D A   2023!\">Llegeix m\u00e9s\u00bb<\/a><\/p>\n","protected":false},"author":18,"featured_media":0,"comment_status":"open","ping_status":"closed","sticky":false,"template":"","format":"standard","meta":{"_bbp_topic_count":0,"_bbp_reply_count":0,"_bbp_total_topic_count":0,"_bbp_total_reply_count":0,"_bbp_voice_count":0,"_bbp_anonymous_reply_count":0,"_bbp_topic_count_hidden":0,"_bbp_reply_count_hidden":0,"_bbp_forum_subforum_count":0,"footnotes":""},"categories":[72,73,1,4,5],"tags":[],"class_list":["post-2660","post","type-post","status-publish","format-standard","hentry","category-cm","category-cs","category-general","category-portada","category-primaria"],"post_mailing_queue_ids":[],"_links":{"self":[{"href":"https:\/\/agora.xtec.cat\/escguillemisarn\/wp-json\/wp\/v2\/posts\/2660","targetHints":{"allow":["GET"]}}],"collection":[{"href":"https:\/\/agora.xtec.cat\/escguillemisarn\/wp-json\/wp\/v2\/posts"}],"about":[{"href":"https:\/\/agora.xtec.cat\/escguillemisarn\/wp-json\/wp\/v2\/types\/post"}],"author":[{"embeddable":true,"href":"https:\/\/agora.xtec.cat\/escguillemisarn\/wp-json\/wp\/v2\/users\/18"}],"replies":[{"embeddable":true,"href":"https:\/\/agora.xtec.cat\/escguillemisarn\/wp-json\/wp\/v2\/comments?post=2660"}],"version-history":[{"count":1,"href":"https:\/\/agora.xtec.cat\/escguillemisarn\/wp-json\/wp\/v2\/posts\/2660\/revisions"}],"predecessor-version":[{"id":2662,"href":"https:\/\/agora.xtec.cat\/escguillemisarn\/wp-json\/wp\/v2\/posts\/2660\/revisions\/2662"}],"wp:attachment":[{"href":"https:\/\/agora.xtec.cat\/escguillemisarn\/wp-json\/wp\/v2\/media?parent=2660"}],"wp:term":[{"taxonomy":"category","embeddable":true,"href":"https:\/\/agora.xtec.cat\/escguillemisarn\/wp-json\/wp\/v2\/categories?post=2660"},{"taxonomy":"post_tag","embeddable":true,"href":"https:\/\/agora.xtec.cat\/escguillemisarn\/wp-json\/wp\/v2\/tags?post=2660"}],"curies":[{"name":"wp","href":"https:\/\/api.w.org\/{rel}","templated":true}]}}