{"id":2636,"date":"2023-02-15T12:54:42","date_gmt":"2023-02-15T11:54:42","guid":{"rendered":"https:\/\/agora.xtec.cat\/escguillemisarn\/?p=2636"},"modified":"2023-02-15T13:00:21","modified_gmt":"2023-02-15T12:00:21","slug":"visita-a-la-rocky-motard","status":"publish","type":"post","link":"https:\/\/agora.xtec.cat\/escguillemisarn\/general\/visita-a-la-rocky-motard\/","title":{"rendered":"Visita a la ROCKY MOTARD"},"content":{"rendered":"<p><a href=\"https:\/\/agora.xtec.cat\/escguillemisarn\/wp-content\/uploads\/usu1631\/2023\/02\/20230215_110625.jpg\"><img loading=\"lazy\" decoding=\"async\" class=\"alignnone size-large wp-image-2637\" src=\"https:\/\/agora.xtec.cat\/escguillemisarn\/wp-content\/uploads\/usu1631\/2023\/02\/20230215_110625-1024x385.jpg\" alt=\"\" width=\"1024\" height=\"385\" srcset=\"https:\/\/agora.xtec.cat\/escguillemisarn\/wp-content\/uploads\/usu1631\/2023\/02\/20230215_110625-1024x385.jpg 1024w, https:\/\/agora.xtec.cat\/escguillemisarn\/wp-content\/uploads\/usu1631\/2023\/02\/20230215_110625-300x113.jpg 300w, https:\/\/agora.xtec.cat\/escguillemisarn\/wp-content\/uploads\/usu1631\/2023\/02\/20230215_110625-768x289.jpg 768w, https:\/\/agora.xtec.cat\/escguillemisarn\/wp-content\/uploads\/usu1631\/2023\/02\/20230215_110625.jpg 1157w\" sizes=\"auto, (max-width: 1024px) 100vw, 1024px\" \/><\/a><\/p>\n<p>Avui les i els alumnes de 6\u00e8 han visitat la botiga ROCKY MOTARD del Francesc i la Carme, tutors del company Artem.<\/p>\n<p>Seguint la tradici\u00f3 motera, els hi han preparat un esmorzar, en aquest cas saludable ja que avui \u00e9s dia de fruita a l&#8217;escola, i els hi han fet cinc c\u00e8ntims sobre el m\u00f3n de les motos i les normes b\u00e0siques per circular-hi.<\/p>\n<p>Han pogut tamb\u00e9 vincular l&#8217;experi\u00e8ncia amb el tema de l&#8217;empresa que van treballar el trimestre passat.<\/p>\n<p>Ha sigut una visita molt interessant!<\/p>\n<p>Si voleu veure&#8217;n alguna imatge, cliqueu al seg\u00fcent vincle:<\/p>\n<p><a href=\"https:\/\/drive.google.com\/drive\/folders\/19_jzfOyZMYJimoOjzl3L9_2J3HVXqRQa\">https:\/\/drive.google.com\/drive\/folders\/19_jzfOyZMYJimoOjzl3L9_2J3HVXqRQa<\/a><\/p>\n<p>&nbsp;<\/p>\n","protected":false},"excerpt":{"rendered":"<p><a href=\"https:\/\/agora.xtec.cat\/escguillemisarn\/wp-content\/uploads\/usu1631\/2023\/02\/20230215_110625.jpg\"><\/a><br \/>\nAvui les i els alumnes de 6\u00e8 han visitat la botiga ROCKY MOTARD del Francesc i la Carme, tutors del company Artem.<br \/>\nSeguint la tradici\u00f3 motera, els hi han preparat un esmorzar, en aquest cas saludable ja que avui \u00e9s dia de fruita a l&#8217;escola,&hellip;  <a href=\"https:\/\/agora.xtec.cat\/escguillemisarn\/general\/visita-a-la-rocky-motard\/\" title=\"Read Visita a la ROCKY MOTARD\">Llegeix m\u00e9s\u00bb<\/a><\/p>\n","protected":false},"author":7,"featured_media":2640,"comment_status":"open","ping_status":"closed","sticky":false,"template":"","format":"standard","meta":{"_bbp_topic_count":0,"_bbp_reply_count":0,"_bbp_total_topic_count":0,"_bbp_total_reply_count":0,"_bbp_voice_count":0,"_bbp_anonymous_reply_count":0,"_bbp_topic_count_hidden":0,"_bbp_reply_count_hidden":0,"_bbp_forum_subforum_count":0,"footnotes":""},"categories":[73,1,4,5,75],"tags":[],"class_list":["post-2636","post","type-post","status-publish","format-standard","has-post-thumbnail","hentry","category-cs","category-general","category-portada","category-primaria","category-p-ciutadania"],"post_mailing_queue_ids":[],"_links":{"self":[{"href":"https:\/\/agora.xtec.cat\/escguillemisarn\/wp-json\/wp\/v2\/posts\/2636","targetHints":{"allow":["GET"]}}],"collection":[{"href":"https:\/\/agora.xtec.cat\/escguillemisarn\/wp-json\/wp\/v2\/posts"}],"about":[{"href":"https:\/\/agora.xtec.cat\/escguillemisarn\/wp-json\/wp\/v2\/types\/post"}],"author":[{"embeddable":true,"href":"https:\/\/agora.xtec.cat\/escguillemisarn\/wp-json\/wp\/v2\/users\/7"}],"replies":[{"embeddable":true,"href":"https:\/\/agora.xtec.cat\/escguillemisarn\/wp-json\/wp\/v2\/comments?post=2636"}],"version-history":[{"count":3,"href":"https:\/\/agora.xtec.cat\/escguillemisarn\/wp-json\/wp\/v2\/posts\/2636\/revisions"}],"predecessor-version":[{"id":2641,"href":"https:\/\/agora.xtec.cat\/escguillemisarn\/wp-json\/wp\/v2\/posts\/2636\/revisions\/2641"}],"wp:featuredmedia":[{"embeddable":true,"href":"https:\/\/agora.xtec.cat\/escguillemisarn\/wp-json\/wp\/v2\/media\/2640"}],"wp:attachment":[{"href":"https:\/\/agora.xtec.cat\/escguillemisarn\/wp-json\/wp\/v2\/media?parent=2636"}],"wp:term":[{"taxonomy":"category","embeddable":true,"href":"https:\/\/agora.xtec.cat\/escguillemisarn\/wp-json\/wp\/v2\/categories?post=2636"},{"taxonomy":"post_tag","embeddable":true,"href":"https:\/\/agora.xtec.cat\/escguillemisarn\/wp-json\/wp\/v2\/tags?post=2636"}],"curies":[{"name":"wp","href":"https:\/\/api.w.org\/{rel}","templated":true}]}}