{"id":2633,"date":"2023-02-15T12:02:48","date_gmt":"2023-02-15T11:02:48","guid":{"rendered":"https:\/\/agora.xtec.cat\/escguillemisarn\/?p=2633"},"modified":"2023-02-15T12:02:48","modified_gmt":"2023-02-15T11:02:48","slug":"arribada-de-la-reina-carnestoltes-a-lescola","status":"publish","type":"post","link":"https:\/\/agora.xtec.cat\/escguillemisarn\/general\/arribada-de-la-reina-carnestoltes-a-lescola\/","title":{"rendered":"Arribada de la Reina Carnestoltes a l&#8217;Escola"},"content":{"rendered":"<p><a href=\"https:\/\/agora.xtec.cat\/escguillemisarn\/wp-content\/uploads\/usu1631\/2023\/02\/Sense-titol.jpg\"><img loading=\"lazy\" decoding=\"async\" class=\" wp-image-2634 alignleft\" src=\"https:\/\/agora.xtec.cat\/escguillemisarn\/wp-content\/uploads\/usu1631\/2023\/02\/Sense-titol.jpg\" alt=\"\" width=\"346\" height=\"346\" srcset=\"https:\/\/agora.xtec.cat\/escguillemisarn\/wp-content\/uploads\/usu1631\/2023\/02\/Sense-titol.jpg 710w, https:\/\/agora.xtec.cat\/escguillemisarn\/wp-content\/uploads\/usu1631\/2023\/02\/Sense-titol-300x300.jpg 300w, https:\/\/agora.xtec.cat\/escguillemisarn\/wp-content\/uploads\/usu1631\/2023\/02\/Sense-titol-150x150.jpg 150w\" sizes=\"auto, (max-width: 346px) 100vw, 346px\" \/><\/a>Tot un any hem hagut d&#8217;esperar per a que arrib\u00e9s la Reina Carnestoltes!! Ja era hora que pogu\u00e9ssim demanar-li tot all\u00f2 que volem per l&#8217;escola sense necessitat de portar-nos b\u00e9 com passa amb els Reis d&#8217;Orient&#8230; Visca la Reina del Carnaval!<\/p>\n<p>Avui ha arribat i ens ha encomanat unes feinetes si volem que ens regali tot el que li hem dit. Valdr\u00e0 la pena fer-li cas, ja que hem demanat moltes coses.<\/p>\n<p><a href=\"https:\/\/photos.app.goo.gl\/R51brkG5ZuL5U2Aw5\">https:\/\/photos.app.goo.gl\/R51brkG5ZuL5U2Aw5<\/a><\/p>\n","protected":false},"excerpt":{"rendered":"<p><a href=\"https:\/\/agora.xtec.cat\/escguillemisarn\/wp-content\/uploads\/usu1631\/2023\/02\/Sense-titol.jpg\"><\/a>Tot un any hem hagut d&#8217;esperar per a que arrib\u00e9s la Reina Carnestoltes!! Ja era hora que pogu\u00e9ssim demanar-li tot all\u00f2 que volem per l&#8217;escola sense necessitat de portar-nos b\u00e9 com passa amb els Reis d&#8217;Orient&#8230; Visca la Reina del Carnaval!<br \/>\nAvui ha arribat i&hellip;  <a href=\"https:\/\/agora.xtec.cat\/escguillemisarn\/general\/arribada-de-la-reina-carnestoltes-a-lescola\/\" title=\"Read Arribada de la Reina Carnestoltes a l&#8217;Escola\">Llegeix m\u00e9s\u00bb<\/a><\/p>\n","protected":false},"author":1,"featured_media":0,"comment_status":"open","ping_status":"closed","sticky":false,"template":"","format":"standard","meta":{"_bbp_topic_count":0,"_bbp_reply_count":0,"_bbp_total_topic_count":0,"_bbp_total_reply_count":0,"_bbp_voice_count":0,"_bbp_anonymous_reply_count":0,"_bbp_topic_count_hidden":0,"_bbp_reply_count_hidden":0,"_bbp_forum_subforum_count":0,"footnotes":""},"categories":[71,72,73,1,2,4,5],"tags":[],"class_list":["post-2633","post","type-post","status-publish","format-standard","hentry","category-ci","category-cm","category-cs","category-general","category-infantil","category-portada","category-primaria"],"post_mailing_queue_ids":[],"_links":{"self":[{"href":"https:\/\/agora.xtec.cat\/escguillemisarn\/wp-json\/wp\/v2\/posts\/2633","targetHints":{"allow":["GET"]}}],"collection":[{"href":"https:\/\/agora.xtec.cat\/escguillemisarn\/wp-json\/wp\/v2\/posts"}],"about":[{"href":"https:\/\/agora.xtec.cat\/escguillemisarn\/wp-json\/wp\/v2\/types\/post"}],"author":[{"embeddable":true,"href":"https:\/\/agora.xtec.cat\/escguillemisarn\/wp-json\/wp\/v2\/users\/1"}],"replies":[{"embeddable":true,"href":"https:\/\/agora.xtec.cat\/escguillemisarn\/wp-json\/wp\/v2\/comments?post=2633"}],"version-history":[{"count":1,"href":"https:\/\/agora.xtec.cat\/escguillemisarn\/wp-json\/wp\/v2\/posts\/2633\/revisions"}],"predecessor-version":[{"id":2635,"href":"https:\/\/agora.xtec.cat\/escguillemisarn\/wp-json\/wp\/v2\/posts\/2633\/revisions\/2635"}],"wp:attachment":[{"href":"https:\/\/agora.xtec.cat\/escguillemisarn\/wp-json\/wp\/v2\/media?parent=2633"}],"wp:term":[{"taxonomy":"category","embeddable":true,"href":"https:\/\/agora.xtec.cat\/escguillemisarn\/wp-json\/wp\/v2\/categories?post=2633"},{"taxonomy":"post_tag","embeddable":true,"href":"https:\/\/agora.xtec.cat\/escguillemisarn\/wp-json\/wp\/v2\/tags?post=2633"}],"curies":[{"name":"wp","href":"https:\/\/api.w.org\/{rel}","templated":true}]}}