{"id":2630,"date":"2023-02-15T21:41:03","date_gmt":"2023-02-15T20:41:03","guid":{"rendered":"https:\/\/agora.xtec.cat\/escguillemisarn\/?p=2630"},"modified":"2023-02-15T21:41:03","modified_gmt":"2023-02-15T20:41:03","slug":"educacio-infantil-visita-el-cda-la-noguera","status":"publish","type":"post","link":"https:\/\/agora.xtec.cat\/escguillemisarn\/general\/educacio-infantil-visita-el-cda-la-noguera\/","title":{"rendered":"Educaci\u00f3 Infantil visita el CdA La Noguera"},"content":{"rendered":"<p>Els alumnes d&#8217;educaci\u00f3 infantil el dia 14 de febrer vam visitar el CdA La Noguera a Sant Lloren\u00e7 de Montgai. All\u00ed ens vam endinsar en la prehist\u00f2ria a trav\u00e9s de dos personatges, el Pic i el Puc. Amb ells vam\u00a0 descobrir com feien foc, els animals que hi havia en aquella \u00e8poca, les eines que feien servir per cuinar i per ca\u00e7ar, els instruments musicals&#8230; Despr\u00e9s ens vam vestir de pintors prehist\u00f2rics i amb plomes i pinzells rudimentaris vam pintar una paret de la cova igual com es feia temps enrera.<\/p>\n<p>Per la tarda ens vam convertir en arque\u00f2legs per buscar restes de la prehist\u00f2ria, estris de cuina, collarets, eines&#8230;.<\/p>\n<p>Ens ho vam passar genial. A continuaci\u00f3 podeu gaudir de les fotos de l&#8217;excursi\u00f3.<\/p>\n<p><a href=\"https:\/\/agora.xtec.cat\/escguillemisarn\/wp-content\/uploads\/usu1631\/2023\/02\/photo_2023-02-15_21-13-47.jpg\"><img loading=\"lazy\" decoding=\"async\" class=\"wp-image-2649 alignleft\" src=\"https:\/\/agora.xtec.cat\/escguillemisarn\/wp-content\/uploads\/usu1631\/2023\/02\/photo_2023-02-15_21-13-47-1024x578.jpg\" alt=\"\" width=\"388\" height=\"219\" srcset=\"https:\/\/agora.xtec.cat\/escguillemisarn\/wp-content\/uploads\/usu1631\/2023\/02\/photo_2023-02-15_21-13-47-1024x578.jpg 1024w, https:\/\/agora.xtec.cat\/escguillemisarn\/wp-content\/uploads\/usu1631\/2023\/02\/photo_2023-02-15_21-13-47-300x169.jpg 300w, https:\/\/agora.xtec.cat\/escguillemisarn\/wp-content\/uploads\/usu1631\/2023\/02\/photo_2023-02-15_21-13-47-768x433.jpg 768w, https:\/\/agora.xtec.cat\/escguillemisarn\/wp-content\/uploads\/usu1631\/2023\/02\/photo_2023-02-15_21-13-47.jpg 1280w\" sizes=\"auto, (max-width: 388px) 100vw, 388px\" \/><\/a><\/p>\n<p><a href=\"https:\/\/photos.app.goo.gl\/pdpPfSafo3q2ucRz6\">https:\/\/photos.app.goo.gl\/pdpPfSafo3q2ucRz6<\/a><\/p>\n","protected":false},"excerpt":{"rendered":"<p>Els alumnes d&#8217;educaci\u00f3 infantil el dia 14 de febrer vam visitar el CdA La Noguera a Sant Lloren\u00e7 de Montgai. All\u00ed ens vam endinsar en la prehist\u00f2ria a trav\u00e9s de dos personatges, el Pic i el Puc. Amb ells vam\u00a0 descobrir com feien foc, els&hellip;  <a href=\"https:\/\/agora.xtec.cat\/escguillemisarn\/general\/educacio-infantil-visita-el-cda-la-noguera\/\" title=\"Read Educaci\u00f3 Infantil visita el CdA La Noguera\">Llegeix m\u00e9s\u00bb<\/a><\/p>\n","protected":false},"author":20,"featured_media":0,"comment_status":"open","ping_status":"closed","sticky":false,"template":"","format":"standard","meta":{"_bbp_topic_count":0,"_bbp_reply_count":0,"_bbp_total_topic_count":0,"_bbp_total_reply_count":0,"_bbp_voice_count":0,"_bbp_anonymous_reply_count":0,"_bbp_topic_count_hidden":0,"_bbp_reply_count_hidden":0,"_bbp_forum_subforum_count":0,"footnotes":""},"categories":[77,1,2,4],"tags":[],"class_list":["post-2630","post","type-post","status-publish","format-standard","hentry","category-escola-verda","category-general","category-infantil","category-portada"],"post_mailing_queue_ids":[],"_links":{"self":[{"href":"https:\/\/agora.xtec.cat\/escguillemisarn\/wp-json\/wp\/v2\/posts\/2630","targetHints":{"allow":["GET"]}}],"collection":[{"href":"https:\/\/agora.xtec.cat\/escguillemisarn\/wp-json\/wp\/v2\/posts"}],"about":[{"href":"https:\/\/agora.xtec.cat\/escguillemisarn\/wp-json\/wp\/v2\/types\/post"}],"author":[{"embeddable":true,"href":"https:\/\/agora.xtec.cat\/escguillemisarn\/wp-json\/wp\/v2\/users\/20"}],"replies":[{"embeddable":true,"href":"https:\/\/agora.xtec.cat\/escguillemisarn\/wp-json\/wp\/v2\/comments?post=2630"}],"version-history":[{"count":3,"href":"https:\/\/agora.xtec.cat\/escguillemisarn\/wp-json\/wp\/v2\/posts\/2630\/revisions"}],"predecessor-version":[{"id":2650,"href":"https:\/\/agora.xtec.cat\/escguillemisarn\/wp-json\/wp\/v2\/posts\/2630\/revisions\/2650"}],"wp:attachment":[{"href":"https:\/\/agora.xtec.cat\/escguillemisarn\/wp-json\/wp\/v2\/media?parent=2630"}],"wp:term":[{"taxonomy":"category","embeddable":true,"href":"https:\/\/agora.xtec.cat\/escguillemisarn\/wp-json\/wp\/v2\/categories?post=2630"},{"taxonomy":"post_tag","embeddable":true,"href":"https:\/\/agora.xtec.cat\/escguillemisarn\/wp-json\/wp\/v2\/tags?post=2630"}],"curies":[{"name":"wp","href":"https:\/\/api.w.org\/{rel}","templated":true}]}}