{"id":2625,"date":"2023-02-10T10:43:47","date_gmt":"2023-02-10T09:43:47","guid":{"rendered":"https:\/\/agora.xtec.cat\/escguillemisarn\/?p=2625"},"modified":"2023-02-10T10:44:52","modified_gmt":"2023-02-10T09:44:52","slug":"les-i-els-alumnes-de-robotica-de-linstitut-ermengol-iv-ens-visiten","status":"publish","type":"post","link":"https:\/\/agora.xtec.cat\/escguillemisarn\/general\/les-i-els-alumnes-de-robotica-de-linstitut-ermengol-iv-ens-visiten\/","title":{"rendered":"Les i els alumnes de rob\u00f2tica de l&#8217;Institut Ermengol IV ens visiten!"},"content":{"rendered":"<p><a href=\"https:\/\/agora.xtec.cat\/escguillemisarn\/wp-content\/uploads\/usu1631\/2023\/02\/1024px-First_Lego_League_2018_26090764268-1024x683-1.jpg\"><img loading=\"lazy\" decoding=\"async\" class=\"alignnone wp-image-2627\" src=\"https:\/\/agora.xtec.cat\/escguillemisarn\/wp-content\/uploads\/usu1631\/2023\/02\/1024px-First_Lego_League_2018_26090764268-1024x683-1.jpg\" alt=\"\" width=\"335\" height=\"223\" srcset=\"https:\/\/agora.xtec.cat\/escguillemisarn\/wp-content\/uploads\/usu1631\/2023\/02\/1024px-First_Lego_League_2018_26090764268-1024x683-1.jpg 1024w, https:\/\/agora.xtec.cat\/escguillemisarn\/wp-content\/uploads\/usu1631\/2023\/02\/1024px-First_Lego_League_2018_26090764268-1024x683-1-300x200.jpg 300w, https:\/\/agora.xtec.cat\/escguillemisarn\/wp-content\/uploads\/usu1631\/2023\/02\/1024px-First_Lego_League_2018_26090764268-1024x683-1-768x512.jpg 768w\" sizes=\"auto, (max-width: 335px) 100vw, 335px\" \/><\/a><\/p>\n<p>El passat dijous dia 9 de febrer van venir les i els alumnes 3r i 4t de l&#8217;Ermengol IV de Bellcaire que han escollit l&#8217;optativa de <strong>Rob\u00f2tica<\/strong> per explicar els seus aprenentatges als i les alumnes de CS.<\/p>\n<p>En primer lloc ens van explicar el projecte de les energies renovables i no renovables, vinculat amb els ODS. Van explicar-nos tamb\u00e9 que participen en el <strong>First Lego League Challenge<\/strong>, que valora el treball en equip.<\/p>\n<p>Van organitzar tamb\u00e9 un joc de preguntes creat per ells i elles per tal de fer-nos pensar i descobrir nous aprenentatges en equip i despr\u00e9s van ensenyar-nos els seus dissenys de rob\u00f2tica preparats amb el llenguatge de programaci\u00f3 per blocs de Lego <strong>SCRATCH<\/strong>.<\/p>\n<p>Aqu\u00ed en podeu veure un recull d&#8217;imatges i v\u00eddeos:<\/p>\n<p><a href=\"https:\/\/drive.google.com\/drive\/u\/2\/folders\/17QW0sJIJ3Yz3naXkbcAxzP2fr76vVHoR\">https:\/\/drive.google.com\/drive\/u\/2\/folders\/17QW0sJIJ3Yz3naXkbcAxzP2fr76vVHoR<\/a><\/p>\n","protected":false},"excerpt":{"rendered":"<p><a href=\"https:\/\/agora.xtec.cat\/escguillemisarn\/wp-content\/uploads\/usu1631\/2023\/02\/1024px-First_Lego_League_2018_26090764268-1024x683-1.jpg\"><\/a><br \/>\nEl passat dijous dia 9 de febrer van venir les i els alumnes 3r i 4t de l&#8217;Ermengol IV de Bellcaire que han escollit l&#8217;optativa de Rob\u00f2tica per explicar els seus aprenentatges als i les alumnes de CS.<br \/>\nEn primer lloc ens van explicar el&hellip;  <a href=\"https:\/\/agora.xtec.cat\/escguillemisarn\/general\/les-i-els-alumnes-de-robotica-de-linstitut-ermengol-iv-ens-visiten\/\" title=\"Read Les i els alumnes de rob\u00f2tica de l&#8217;Institut Ermengol IV ens visiten!\">Llegeix m\u00e9s\u00bb<\/a><\/p>\n","protected":false},"author":7,"featured_media":0,"comment_status":"open","ping_status":"closed","sticky":false,"template":"","format":"standard","meta":{"_bbp_topic_count":0,"_bbp_reply_count":0,"_bbp_total_topic_count":0,"_bbp_total_reply_count":0,"_bbp_voice_count":0,"_bbp_anonymous_reply_count":0,"_bbp_topic_count_hidden":0,"_bbp_reply_count_hidden":0,"_bbp_forum_subforum_count":0,"footnotes":""},"categories":[73,1,4,5],"tags":[],"class_list":["post-2625","post","type-post","status-publish","format-standard","hentry","category-cs","category-general","category-portada","category-primaria"],"post_mailing_queue_ids":[],"_links":{"self":[{"href":"https:\/\/agora.xtec.cat\/escguillemisarn\/wp-json\/wp\/v2\/posts\/2625","targetHints":{"allow":["GET"]}}],"collection":[{"href":"https:\/\/agora.xtec.cat\/escguillemisarn\/wp-json\/wp\/v2\/posts"}],"about":[{"href":"https:\/\/agora.xtec.cat\/escguillemisarn\/wp-json\/wp\/v2\/types\/post"}],"author":[{"embeddable":true,"href":"https:\/\/agora.xtec.cat\/escguillemisarn\/wp-json\/wp\/v2\/users\/7"}],"replies":[{"embeddable":true,"href":"https:\/\/agora.xtec.cat\/escguillemisarn\/wp-json\/wp\/v2\/comments?post=2625"}],"version-history":[{"count":3,"href":"https:\/\/agora.xtec.cat\/escguillemisarn\/wp-json\/wp\/v2\/posts\/2625\/revisions"}],"predecessor-version":[{"id":2629,"href":"https:\/\/agora.xtec.cat\/escguillemisarn\/wp-json\/wp\/v2\/posts\/2625\/revisions\/2629"}],"wp:attachment":[{"href":"https:\/\/agora.xtec.cat\/escguillemisarn\/wp-json\/wp\/v2\/media?parent=2625"}],"wp:term":[{"taxonomy":"category","embeddable":true,"href":"https:\/\/agora.xtec.cat\/escguillemisarn\/wp-json\/wp\/v2\/categories?post=2625"},{"taxonomy":"post_tag","embeddable":true,"href":"https:\/\/agora.xtec.cat\/escguillemisarn\/wp-json\/wp\/v2\/tags?post=2625"}],"curies":[{"name":"wp","href":"https:\/\/api.w.org\/{rel}","templated":true}]}}