{"id":2617,"date":"2023-02-09T09:35:45","date_gmt":"2023-02-09T08:35:45","guid":{"rendered":"https:\/\/agora.xtec.cat\/escguillemisarn\/?p=2617"},"modified":"2023-02-09T09:39:32","modified_gmt":"2023-02-09T08:39:32","slug":"gaudim-amb-lacroesport","status":"publish","type":"post","link":"https:\/\/agora.xtec.cat\/escguillemisarn\/general\/gaudim-amb-lacroesport\/","title":{"rendered":"GAUDIM AMB L&#8217;ACROSPORT!"},"content":{"rendered":"<p><a href=\"https:\/\/agora.xtec.cat\/escguillemisarn\/wp-content\/uploads\/usu1631\/2023\/02\/fae9312dd14af246eaf40113197f49f7-partner-yoga-yoga-poses.jpg\"><img loading=\"lazy\" decoding=\"async\" class=\"alignnone size-full wp-image-2618\" src=\"https:\/\/agora.xtec.cat\/escguillemisarn\/wp-content\/uploads\/usu1631\/2023\/02\/fae9312dd14af246eaf40113197f49f7-partner-yoga-yoga-poses.jpg\" alt=\"\" width=\"225\" height=\"225\" srcset=\"https:\/\/agora.xtec.cat\/escguillemisarn\/wp-content\/uploads\/usu1631\/2023\/02\/fae9312dd14af246eaf40113197f49f7-partner-yoga-yoga-poses.jpg 225w, https:\/\/agora.xtec.cat\/escguillemisarn\/wp-content\/uploads\/usu1631\/2023\/02\/fae9312dd14af246eaf40113197f49f7-partner-yoga-yoga-poses-150x150.jpg 150w\" sizes=\"auto, (max-width: 225px) 100vw, 225px\" \/><\/a><\/p>\n<p>Dins de l&#8217;\u00e0rea d&#8217;educaci\u00f3 f\u00edsica els i les alumnes de cinqu\u00e8 ens hem divertit molt\u00edssim practicant l&#8217;acrosport. Ens han sortit unes figures genials! En el seg\u00fcent enlla\u00e7 en podeu veure algunes fotografies.<\/p>\n<p>&nbsp;<\/p>\n<p><a href=\"https:\/\/photos.app.goo.gl\/mLj29Cn3kGZhXKVk9\">https:\/\/photos.app.goo.gl\/mLj29Cn3kGZhXKVk9<\/a><\/p>\n","protected":false},"excerpt":{"rendered":"<p><a href=\"https:\/\/agora.xtec.cat\/escguillemisarn\/wp-content\/uploads\/usu1631\/2023\/02\/fae9312dd14af246eaf40113197f49f7-partner-yoga-yoga-poses.jpg\"><\/a><br \/>\nDins de l&#8217;\u00e0rea d&#8217;educaci\u00f3 f\u00edsica els i les alumnes de cinqu\u00e8 ens hem divertit molt\u00edssim practicant l&#8217;acrosport. Ens han sortit unes figures genials! En el seg\u00fcent enlla\u00e7 en podeu veure algunes fotografies.<br \/>\n&nbsp;<br \/>\n<a href=\"https:\/\/photos.app.goo.gl\/mLj29Cn3kGZhXKVk9\">https:\/\/photos.app.goo.gl\/mLj29Cn3kGZhXKVk9<\/a><\/p>\n","protected":false},"author":1,"featured_media":2618,"comment_status":"open","ping_status":"closed","sticky":false,"template":"","format":"standard","meta":{"_bbp_topic_count":0,"_bbp_reply_count":0,"_bbp_total_topic_count":0,"_bbp_total_reply_count":0,"_bbp_voice_count":0,"_bbp_anonymous_reply_count":0,"_bbp_topic_count_hidden":0,"_bbp_reply_count_hidden":0,"_bbp_forum_subforum_count":0,"footnotes":""},"categories":[73,1,4,5],"tags":[],"class_list":["post-2617","post","type-post","status-publish","format-standard","has-post-thumbnail","hentry","category-cs","category-general","category-portada","category-primaria"],"post_mailing_queue_ids":[],"_links":{"self":[{"href":"https:\/\/agora.xtec.cat\/escguillemisarn\/wp-json\/wp\/v2\/posts\/2617","targetHints":{"allow":["GET"]}}],"collection":[{"href":"https:\/\/agora.xtec.cat\/escguillemisarn\/wp-json\/wp\/v2\/posts"}],"about":[{"href":"https:\/\/agora.xtec.cat\/escguillemisarn\/wp-json\/wp\/v2\/types\/post"}],"author":[{"embeddable":true,"href":"https:\/\/agora.xtec.cat\/escguillemisarn\/wp-json\/wp\/v2\/users\/1"}],"replies":[{"embeddable":true,"href":"https:\/\/agora.xtec.cat\/escguillemisarn\/wp-json\/wp\/v2\/comments?post=2617"}],"version-history":[{"count":3,"href":"https:\/\/agora.xtec.cat\/escguillemisarn\/wp-json\/wp\/v2\/posts\/2617\/revisions"}],"predecessor-version":[{"id":2621,"href":"https:\/\/agora.xtec.cat\/escguillemisarn\/wp-json\/wp\/v2\/posts\/2617\/revisions\/2621"}],"wp:featuredmedia":[{"embeddable":true,"href":"https:\/\/agora.xtec.cat\/escguillemisarn\/wp-json\/wp\/v2\/media\/2618"}],"wp:attachment":[{"href":"https:\/\/agora.xtec.cat\/escguillemisarn\/wp-json\/wp\/v2\/media?parent=2617"}],"wp:term":[{"taxonomy":"category","embeddable":true,"href":"https:\/\/agora.xtec.cat\/escguillemisarn\/wp-json\/wp\/v2\/categories?post=2617"},{"taxonomy":"post_tag","embeddable":true,"href":"https:\/\/agora.xtec.cat\/escguillemisarn\/wp-json\/wp\/v2\/tags?post=2617"}],"curies":[{"name":"wp","href":"https:\/\/api.w.org\/{rel}","templated":true}]}}