{"id":2607,"date":"2023-02-03T10:35:28","date_gmt":"2023-02-03T09:35:28","guid":{"rendered":"https:\/\/agora.xtec.cat\/escguillemisarn\/?p=2607"},"modified":"2023-02-03T10:35:28","modified_gmt":"2023-02-03T09:35:28","slug":"comencem-la-segona-volta-dels-tallers-dels-divendres","status":"publish","type":"post","link":"https:\/\/agora.xtec.cat\/escguillemisarn\/general\/comencem-la-segona-volta-dels-tallers-dels-divendres\/","title":{"rendered":"Comencem la segona volta dels Tallers dels divendres !"},"content":{"rendered":"<p><a href=\"https:\/\/agora.xtec.cat\/escguillemisarn\/wp-content\/uploads\/usu1631\/2023\/02\/simposium_top.jpg\"><img loading=\"lazy\" decoding=\"async\" class=\" wp-image-2608 alignleft\" src=\"https:\/\/agora.xtec.cat\/escguillemisarn\/wp-content\/uploads\/usu1631\/2023\/02\/simposium_top.jpg\" alt=\"\" width=\"385\" height=\"155\" srcset=\"https:\/\/agora.xtec.cat\/escguillemisarn\/wp-content\/uploads\/usu1631\/2023\/02\/simposium_top.jpg 560w, https:\/\/agora.xtec.cat\/escguillemisarn\/wp-content\/uploads\/usu1631\/2023\/02\/simposium_top-300x121.jpg 300w\" sizes=\"auto, (max-width: 385px) 100vw, 385px\" \/><\/a>Avui a la tarda, l&#8217;alumnat de l&#8217;escola, gaudir\u00e0 d&#8217;una altra tarda dels Tallers dels divendres. No obstant aix\u00f2, avui ser\u00e0 especial ja que iniciem la segona volta d&#8217;aquesta manera d&#8217;organitzar-nos i d&#8217;aprendre. Hi haur\u00e0 activitats noves i alguna que altra sorpresa. Aix\u00ed que us deixem l&#8217;enlla\u00e7 preparat per poder veure les fotos de les cares d&#8217;il\u00b7lusi\u00f3, aprenentatge i innovaci\u00f3 dels vostres fills i filles.<\/p>\n<p><a href=\"https:\/\/photos.app.goo.gl\/m2dUCN23mBVt52Ae7\">https:\/\/photos.app.goo.gl\/m2dUCN23mBVt52Ae7<\/a><\/p>\n","protected":false},"excerpt":{"rendered":"<p><a href=\"https:\/\/agora.xtec.cat\/escguillemisarn\/wp-content\/uploads\/usu1631\/2023\/02\/simposium_top.jpg\"><\/a>Avui a la tarda, l&#8217;alumnat de l&#8217;escola, gaudir\u00e0 d&#8217;una altra tarda dels Tallers dels divendres. No obstant aix\u00f2, avui ser\u00e0 especial ja que iniciem la segona volta d&#8217;aquesta manera d&#8217;organitzar-nos i d&#8217;aprendre. Hi haur\u00e0 activitats noves i alguna que altra sorpresa. Aix\u00ed que us&hellip;  <a href=\"https:\/\/agora.xtec.cat\/escguillemisarn\/general\/comencem-la-segona-volta-dels-tallers-dels-divendres\/\" title=\"Read Comencem la segona volta dels Tallers dels divendres !\">Llegeix m\u00e9s\u00bb<\/a><\/p>\n","protected":false},"author":1,"featured_media":0,"comment_status":"open","ping_status":"closed","sticky":false,"template":"","format":"standard","meta":{"_bbp_topic_count":0,"_bbp_reply_count":0,"_bbp_total_topic_count":0,"_bbp_total_reply_count":0,"_bbp_voice_count":0,"_bbp_anonymous_reply_count":0,"_bbp_topic_count_hidden":0,"_bbp_reply_count_hidden":0,"_bbp_forum_subforum_count":0,"footnotes":""},"categories":[71,72,73,1,2,4,5],"tags":[],"class_list":["post-2607","post","type-post","status-publish","format-standard","hentry","category-ci","category-cm","category-cs","category-general","category-infantil","category-portada","category-primaria"],"post_mailing_queue_ids":[],"_links":{"self":[{"href":"https:\/\/agora.xtec.cat\/escguillemisarn\/wp-json\/wp\/v2\/posts\/2607","targetHints":{"allow":["GET"]}}],"collection":[{"href":"https:\/\/agora.xtec.cat\/escguillemisarn\/wp-json\/wp\/v2\/posts"}],"about":[{"href":"https:\/\/agora.xtec.cat\/escguillemisarn\/wp-json\/wp\/v2\/types\/post"}],"author":[{"embeddable":true,"href":"https:\/\/agora.xtec.cat\/escguillemisarn\/wp-json\/wp\/v2\/users\/1"}],"replies":[{"embeddable":true,"href":"https:\/\/agora.xtec.cat\/escguillemisarn\/wp-json\/wp\/v2\/comments?post=2607"}],"version-history":[{"count":1,"href":"https:\/\/agora.xtec.cat\/escguillemisarn\/wp-json\/wp\/v2\/posts\/2607\/revisions"}],"predecessor-version":[{"id":2609,"href":"https:\/\/agora.xtec.cat\/escguillemisarn\/wp-json\/wp\/v2\/posts\/2607\/revisions\/2609"}],"wp:attachment":[{"href":"https:\/\/agora.xtec.cat\/escguillemisarn\/wp-json\/wp\/v2\/media?parent=2607"}],"wp:term":[{"taxonomy":"category","embeddable":true,"href":"https:\/\/agora.xtec.cat\/escguillemisarn\/wp-json\/wp\/v2\/categories?post=2607"},{"taxonomy":"post_tag","embeddable":true,"href":"https:\/\/agora.xtec.cat\/escguillemisarn\/wp-json\/wp\/v2\/tags?post=2607"}],"curies":[{"name":"wp","href":"https:\/\/api.w.org\/{rel}","templated":true}]}}