{"id":2603,"date":"2023-02-01T11:47:51","date_gmt":"2023-02-01T10:47:51","guid":{"rendered":"https:\/\/agora.xtec.cat\/escguillemisarn\/?p=2603"},"modified":"2023-02-01T11:48:54","modified_gmt":"2023-02-01T10:48:54","slug":"taller-de-salut-emocional","status":"publish","type":"post","link":"https:\/\/agora.xtec.cat\/escguillemisarn\/general\/taller-de-salut-emocional\/","title":{"rendered":"Taller de salut emocional"},"content":{"rendered":"<p><a href=\"https:\/\/agora.xtec.cat\/escguillemisarn\/wp-content\/uploads\/usu1631\/2023\/02\/inteligencia-emocional-y-salud-mental.jpg\"><img loading=\"lazy\" decoding=\"async\" class=\"wp-image-2604 alignleft\" src=\"https:\/\/agora.xtec.cat\/escguillemisarn\/wp-content\/uploads\/usu1631\/2023\/02\/inteligencia-emocional-y-salud-mental.jpg\" alt=\"\" width=\"294\" height=\"196\" srcset=\"https:\/\/agora.xtec.cat\/escguillemisarn\/wp-content\/uploads\/usu1631\/2023\/02\/inteligencia-emocional-y-salud-mental.jpg 1000w, https:\/\/agora.xtec.cat\/escguillemisarn\/wp-content\/uploads\/usu1631\/2023\/02\/inteligencia-emocional-y-salud-mental-300x200.jpg 300w, https:\/\/agora.xtec.cat\/escguillemisarn\/wp-content\/uploads\/usu1631\/2023\/02\/inteligencia-emocional-y-salud-mental-768x512.jpg 768w\" sizes=\"auto, (max-width: 294px) 100vw, 294px\" \/><\/a>L&#8217;alumnat de cinqu\u00e8 ha gaudit d&#8217;un taller de salut emocional impartit per professionals del Centre d&#8217;Atenci\u00f3 Prim\u00e0ria (CAP) de T\u00e0rrega. Ja sabeu que, segons la OMS la salut emocional es defineix com un estat de benestar en el qual l&#8217;individu \u00e9s conscient de les seves pr\u00f2pies capacitats, pot afrontar les tensions normals de la vida, pot treballar de forma productiva i fruct\u00edfera i \u00e9s capa\u00e7 de fer una contribuci\u00f3 a la seva comunitat. Aprendre a regular les pr\u00f2pies emocions, gestionar-les, canalitzar-les i positivar-les forma part de l&#8217;ess\u00e8ncia de la vida de les persones. Per aquesta import\u00e0ncia que ja fa anys que s&#8217;est\u00e0 treballant i que per la pand\u00e8mia es va posar en valor, els infants de cinqu\u00e8 avui han apr\u00e9s una mica m\u00e9s sobre aquest tipus de salut.<\/p>\n<p>Si voleu veure algunes fotos del Taller de salut emocional, aqu\u00ed us les deixem:\u00a0<a href=\"https:\/\/photos.app.goo.gl\/Pcfb2m4iTfU2p43y8\">https:\/\/photos.app.goo.gl\/Pcfb2m4iTfU2p43y8<\/a><\/p>\n","protected":false},"excerpt":{"rendered":"<p><a href=\"https:\/\/agora.xtec.cat\/escguillemisarn\/wp-content\/uploads\/usu1631\/2023\/02\/inteligencia-emocional-y-salud-mental.jpg\"><\/a>L&#8217;alumnat de cinqu\u00e8 ha gaudit d&#8217;un taller de salut emocional impartit per professionals del Centre d&#8217;Atenci\u00f3 Prim\u00e0ria (CAP) de T\u00e0rrega. Ja sabeu que, segons la OMS la salut emocional es defineix com un estat de benestar en el qual l&#8217;individu \u00e9s conscient de les&hellip;  <a href=\"https:\/\/agora.xtec.cat\/escguillemisarn\/general\/taller-de-salut-emocional\/\" title=\"Read Taller de salut emocional\">Llegeix m\u00e9s\u00bb<\/a><\/p>\n","protected":false},"author":18,"featured_media":0,"comment_status":"open","ping_status":"closed","sticky":false,"template":"","format":"standard","meta":{"_bbp_topic_count":0,"_bbp_reply_count":0,"_bbp_total_topic_count":0,"_bbp_total_reply_count":0,"_bbp_voice_count":0,"_bbp_anonymous_reply_count":0,"_bbp_topic_count_hidden":0,"_bbp_reply_count_hidden":0,"_bbp_forum_subforum_count":0,"footnotes":""},"categories":[73,1,4,5],"tags":[],"class_list":["post-2603","post","type-post","status-publish","format-standard","hentry","category-cs","category-general","category-portada","category-primaria"],"post_mailing_queue_ids":[],"_links":{"self":[{"href":"https:\/\/agora.xtec.cat\/escguillemisarn\/wp-json\/wp\/v2\/posts\/2603","targetHints":{"allow":["GET"]}}],"collection":[{"href":"https:\/\/agora.xtec.cat\/escguillemisarn\/wp-json\/wp\/v2\/posts"}],"about":[{"href":"https:\/\/agora.xtec.cat\/escguillemisarn\/wp-json\/wp\/v2\/types\/post"}],"author":[{"embeddable":true,"href":"https:\/\/agora.xtec.cat\/escguillemisarn\/wp-json\/wp\/v2\/users\/18"}],"replies":[{"embeddable":true,"href":"https:\/\/agora.xtec.cat\/escguillemisarn\/wp-json\/wp\/v2\/comments?post=2603"}],"version-history":[{"count":2,"href":"https:\/\/agora.xtec.cat\/escguillemisarn\/wp-json\/wp\/v2\/posts\/2603\/revisions"}],"predecessor-version":[{"id":2606,"href":"https:\/\/agora.xtec.cat\/escguillemisarn\/wp-json\/wp\/v2\/posts\/2603\/revisions\/2606"}],"wp:attachment":[{"href":"https:\/\/agora.xtec.cat\/escguillemisarn\/wp-json\/wp\/v2\/media?parent=2603"}],"wp:term":[{"taxonomy":"category","embeddable":true,"href":"https:\/\/agora.xtec.cat\/escguillemisarn\/wp-json\/wp\/v2\/categories?post=2603"},{"taxonomy":"post_tag","embeddable":true,"href":"https:\/\/agora.xtec.cat\/escguillemisarn\/wp-json\/wp\/v2\/tags?post=2603"}],"curies":[{"name":"wp","href":"https:\/\/api.w.org\/{rel}","templated":true}]}}