{"id":2593,"date":"2023-01-31T13:53:03","date_gmt":"2023-01-31T12:53:03","guid":{"rendered":"https:\/\/agora.xtec.cat\/escguillemisarn\/?p=2593"},"modified":"2023-01-31T13:53:03","modified_gmt":"2023-01-31T12:53:03","slug":"taller-creixem-amb-la-musica","status":"publish","type":"post","link":"https:\/\/agora.xtec.cat\/escguillemisarn\/general\/taller-creixem-amb-la-musica\/","title":{"rendered":"TALLER &#8220;CREIXEM AMB LA M\u00daSICA&#8221;"},"content":{"rendered":"<p><img loading=\"lazy\" decoding=\"async\" class=\"alignleft\" src=\"https:\/\/educacion30.b-cdn.net\/wp-content\/uploads\/2019\/10\/music-978x652.jpg\" alt=\"Bancos de m\u00fasica libre y gratuita para proyectos educativos\" width=\"220\" height=\"146\" \/><\/p>\n<p>Aquest mat\u00ed els nens i nenes d&#8217;I3 i d&#8217;I4 han gaudit d&#8217;un taller de m\u00fasica, dins de les diverses activitats que ens ofereix el XXII Programa Com<span style=\"font-family: inherit; font-size: 1em;\">arcal de Suport a l&#8217;Educaci\u00f3. Hem viscut la m\u00fasica a trav\u00e9s del moviment i l\u2019experi\u00e8ncia corporal tot despertant la curiositat pel m\u00f3n sonor. Hem jugat amb elements musicals, amb el cos, amb la imaginaci\u00f3, amb instruments&#8230; tot afavorint que la m\u00fasica esdevingu\u00e9s una eina de comunicaci\u00f3 i descoberta d&#8217;un mateix, aix\u00ed com de l&#8217;entorn i la relaci\u00f3 afectiva amb els companys.<\/span><\/p>\n<p>Els alumnes d&#8217;I5 el mateix dia vam gaudir d&#8217;una sessi\u00f3 de m\u00fasica amb activitats de ritme utilitzant fulls de colors i moviment del cos tot descobrint les diferents possibiliats que ens ofereix aquest material. Per acabar vam fer una activitat de ioga i relaxaci\u00f3.<\/p>\n<p style=\"text-align: center;\">Us deixem aqu\u00ed unes imatges. \u00a0\u00a0 <a href=\"https:\/\/photos.app.goo.gl\/wPYtKsQbSzEc33H66\">https:\/\/photos.app.goo.gl\/wPYtKsQbSzEc33H66<\/a><\/p>\n","protected":false},"excerpt":{"rendered":"<p>Aquest mat\u00ed els nens i nenes d&#8217;I3 i d&#8217;I4 han gaudit d&#8217;un taller de m\u00fasica, dins de les diverses activitats que ens ofereix el XXII Programa Comarcal de Suport a l&#8217;Educaci\u00f3. Hem viscut la m\u00fasica a trav\u00e9s del moviment i l\u2019experi\u00e8ncia corporal tot despertant la&hellip;  <a href=\"https:\/\/agora.xtec.cat\/escguillemisarn\/general\/taller-creixem-amb-la-musica\/\" title=\"Read TALLER &#8220;CREIXEM AMB LA M\u00daSICA&#8221;\">Llegeix m\u00e9s\u00bb<\/a><\/p>\n","protected":false},"author":14,"featured_media":0,"comment_status":"open","ping_status":"closed","sticky":false,"template":"","format":"standard","meta":{"_bbp_topic_count":0,"_bbp_reply_count":0,"_bbp_total_topic_count":0,"_bbp_total_reply_count":0,"_bbp_voice_count":0,"_bbp_anonymous_reply_count":0,"_bbp_topic_count_hidden":0,"_bbp_reply_count_hidden":0,"_bbp_forum_subforum_count":0,"footnotes":""},"categories":[1,2,4],"tags":[],"class_list":["post-2593","post","type-post","status-publish","format-standard","hentry","category-general","category-infantil","category-portada"],"post_mailing_queue_ids":[],"_links":{"self":[{"href":"https:\/\/agora.xtec.cat\/escguillemisarn\/wp-json\/wp\/v2\/posts\/2593","targetHints":{"allow":["GET"]}}],"collection":[{"href":"https:\/\/agora.xtec.cat\/escguillemisarn\/wp-json\/wp\/v2\/posts"}],"about":[{"href":"https:\/\/agora.xtec.cat\/escguillemisarn\/wp-json\/wp\/v2\/types\/post"}],"author":[{"embeddable":true,"href":"https:\/\/agora.xtec.cat\/escguillemisarn\/wp-json\/wp\/v2\/users\/14"}],"replies":[{"embeddable":true,"href":"https:\/\/agora.xtec.cat\/escguillemisarn\/wp-json\/wp\/v2\/comments?post=2593"}],"version-history":[{"count":3,"href":"https:\/\/agora.xtec.cat\/escguillemisarn\/wp-json\/wp\/v2\/posts\/2593\/revisions"}],"predecessor-version":[{"id":2602,"href":"https:\/\/agora.xtec.cat\/escguillemisarn\/wp-json\/wp\/v2\/posts\/2593\/revisions\/2602"}],"wp:attachment":[{"href":"https:\/\/agora.xtec.cat\/escguillemisarn\/wp-json\/wp\/v2\/media?parent=2593"}],"wp:term":[{"taxonomy":"category","embeddable":true,"href":"https:\/\/agora.xtec.cat\/escguillemisarn\/wp-json\/wp\/v2\/categories?post=2593"},{"taxonomy":"post_tag","embeddable":true,"href":"https:\/\/agora.xtec.cat\/escguillemisarn\/wp-json\/wp\/v2\/tags?post=2593"}],"curies":[{"name":"wp","href":"https:\/\/api.w.org\/{rel}","templated":true}]}}