{"id":2590,"date":"2023-01-30T09:40:45","date_gmt":"2023-01-30T08:40:45","guid":{"rendered":"https:\/\/agora.xtec.cat\/escguillemisarn\/?p=2590"},"modified":"2023-01-30T09:40:45","modified_gmt":"2023-01-30T08:40:45","slug":"dia-escolar-de-la-no-violencia-i-la-pau-denip-2023","status":"publish","type":"post","link":"https:\/\/agora.xtec.cat\/escguillemisarn\/general\/dia-escolar-de-la-no-violencia-i-la-pau-denip-2023\/","title":{"rendered":"Dia Escolar de la No viol\u00e8ncia I la Pau (DENIP 2023)"},"content":{"rendered":"<p><a href=\"https:\/\/agora.xtec.cat\/escguillemisarn\/wp-content\/uploads\/usu1631\/2023\/01\/baixa.jpg\"><img loading=\"lazy\" decoding=\"async\" class=\"size-full wp-image-2591 alignleft\" src=\"https:\/\/agora.xtec.cat\/escguillemisarn\/wp-content\/uploads\/usu1631\/2023\/01\/baixa.jpg\" alt=\"\" width=\"244\" height=\"206\" \/><\/a>Avui, 30 de gener, \u00e9s el Dia Escolar de la No viol\u00e8ncia I la Pau. Un dia que serveix per abordar\u00a0la tem\u00e0tica de la\u00a0Comunicaci\u00f3 No Violenta. Les paraules i els gestos sovint s\u00f3n l\u2019arrel de moltes confrontacions. En el context escolar,\u00a0l\u2019assetjament verbal i el bullying\u00a0s\u00f3n\u00a0un exemple de viol\u00e8ncia amb un greu impacte psicol\u00f2gic sobre els nens i nenes. Reflexionar com ens comuniquem i aprendre sobre la comunicaci\u00f3 no violenta pot ajudar a prevenir i a\u00a0resoldre conflictes a l\u2019aula\u00a0per\u00f2 tamb\u00e9 a donar eines per l\u2019educaci\u00f3 per la pau i la just\u00edcia social.\u00a0<span class=\"hiddenGrammarError\">Revaloritzar<\/span>\u00a0el di\u00e0leg, en temps on el ciberassetjament est\u00e0 a l\u2019ordre del dia, la confrontaci\u00f3 \u00e9s la norma i el conflicte es busca per tal de cridar audi\u00e8ncia, \u00e9s important tornar a conceptes com l\u2019escolta activa, l\u2019empatia, la responsabilitat i el respecte.<\/p>\n<p>Per tot aix\u00f2, els infants de la nostra escola avui hem escrit uns missatges dins d&#8217;uns cors i els hem penjat a l&#8217;arbre de la pau. A m\u00e9s a m\u00e9s, els nens i nenes de sis\u00e8 els han llegit en veu alta per conscienciar de tot all\u00f2 que podem fer per viure en un context escolar de pau.<\/p>\n<p>Si voleu veure algunes fotos de la jornada d&#8217;avui, podeu clicar a l&#8217;enlla\u00e7:\u00a0<a href=\"https:\/\/photos.app.goo.gl\/A3nd64oua6cduFvU8\">https:\/\/photos.app.goo.gl\/A3nd64oua6cduFvU8<\/a><\/p>\n<p>&nbsp;<\/p>\n","protected":false},"excerpt":{"rendered":"<p><a href=\"https:\/\/agora.xtec.cat\/escguillemisarn\/wp-content\/uploads\/usu1631\/2023\/01\/baixa.jpg\"><\/a>Avui, 30 de gener, \u00e9s el Dia Escolar de la No viol\u00e8ncia I la Pau. Un dia que serveix per abordar\u00a0la tem\u00e0tica de la\u00a0Comunicaci\u00f3 No Violenta. Les paraules i els gestos sovint s\u00f3n l\u2019arrel de moltes confrontacions. En el context escolar,\u00a0l\u2019assetjament verbal i el&hellip;  <a href=\"https:\/\/agora.xtec.cat\/escguillemisarn\/general\/dia-escolar-de-la-no-violencia-i-la-pau-denip-2023\/\" title=\"Read Dia Escolar de la No viol\u00e8ncia I la Pau (DENIP 2023)\">Llegeix m\u00e9s\u00bb<\/a><\/p>\n","protected":false},"author":1,"featured_media":0,"comment_status":"open","ping_status":"closed","sticky":false,"template":"","format":"standard","meta":{"_bbp_topic_count":0,"_bbp_reply_count":0,"_bbp_total_topic_count":0,"_bbp_total_reply_count":0,"_bbp_voice_count":0,"_bbp_anonymous_reply_count":0,"_bbp_topic_count_hidden":0,"_bbp_reply_count_hidden":0,"_bbp_forum_subforum_count":0,"footnotes":""},"categories":[71,72,73,1,2,4,5],"tags":[],"class_list":["post-2590","post","type-post","status-publish","format-standard","hentry","category-ci","category-cm","category-cs","category-general","category-infantil","category-portada","category-primaria"],"post_mailing_queue_ids":[],"_links":{"self":[{"href":"https:\/\/agora.xtec.cat\/escguillemisarn\/wp-json\/wp\/v2\/posts\/2590","targetHints":{"allow":["GET"]}}],"collection":[{"href":"https:\/\/agora.xtec.cat\/escguillemisarn\/wp-json\/wp\/v2\/posts"}],"about":[{"href":"https:\/\/agora.xtec.cat\/escguillemisarn\/wp-json\/wp\/v2\/types\/post"}],"author":[{"embeddable":true,"href":"https:\/\/agora.xtec.cat\/escguillemisarn\/wp-json\/wp\/v2\/users\/1"}],"replies":[{"embeddable":true,"href":"https:\/\/agora.xtec.cat\/escguillemisarn\/wp-json\/wp\/v2\/comments?post=2590"}],"version-history":[{"count":1,"href":"https:\/\/agora.xtec.cat\/escguillemisarn\/wp-json\/wp\/v2\/posts\/2590\/revisions"}],"predecessor-version":[{"id":2592,"href":"https:\/\/agora.xtec.cat\/escguillemisarn\/wp-json\/wp\/v2\/posts\/2590\/revisions\/2592"}],"wp:attachment":[{"href":"https:\/\/agora.xtec.cat\/escguillemisarn\/wp-json\/wp\/v2\/media?parent=2590"}],"wp:term":[{"taxonomy":"category","embeddable":true,"href":"https:\/\/agora.xtec.cat\/escguillemisarn\/wp-json\/wp\/v2\/categories?post=2590"},{"taxonomy":"post_tag","embeddable":true,"href":"https:\/\/agora.xtec.cat\/escguillemisarn\/wp-json\/wp\/v2\/tags?post=2590"}],"curies":[{"name":"wp","href":"https:\/\/api.w.org\/{rel}","templated":true}]}}