{"id":2555,"date":"2022-12-22T21:10:25","date_gmt":"2022-12-22T20:10:25","guid":{"rendered":"https:\/\/agora.xtec.cat\/escguillemisarn\/?p=2555"},"modified":"2022-12-22T21:12:26","modified_gmt":"2022-12-22T20:12:26","slug":"caguem-el-tio-a-ci","status":"publish","type":"post","link":"https:\/\/agora.xtec.cat\/escguillemisarn\/general\/caguem-el-tio-a-ci\/","title":{"rendered":"CAGUEM EL TI\u00d3 A CI!"},"content":{"rendered":"<p>Avui, per a l&#8217;alumnat de cicle inicial, ha estat un dia ple d&#8217;emocions: \u00faltim dia de trimestre,\u00a0 nervis<\/p>\n<p><img loading=\"lazy\" decoding=\"async\" class=\"wp-image-2561 alignright\" src=\"https:\/\/agora.xtec.cat\/escguillemisarn\/wp-content\/uploads\/usu1631\/2022\/12\/Brown-and-Beige-Simple-and-Elegant-New-Year-Sale-Instagram-Post-1-1024x1024.jpg\" alt=\"\" width=\"212\" height=\"212\" srcset=\"https:\/\/agora.xtec.cat\/escguillemisarn\/wp-content\/uploads\/usu1631\/2022\/12\/Brown-and-Beige-Simple-and-Elegant-New-Year-Sale-Instagram-Post-1-1024x1024.jpg 1024w, https:\/\/agora.xtec.cat\/escguillemisarn\/wp-content\/uploads\/usu1631\/2022\/12\/Brown-and-Beige-Simple-and-Elegant-New-Year-Sale-Instagram-Post-1-300x300.jpg 300w, https:\/\/agora.xtec.cat\/escguillemisarn\/wp-content\/uploads\/usu1631\/2022\/12\/Brown-and-Beige-Simple-and-Elegant-New-Year-Sale-Instagram-Post-1-150x150.jpg 150w, https:\/\/agora.xtec.cat\/escguillemisarn\/wp-content\/uploads\/usu1631\/2022\/12\/Brown-and-Beige-Simple-and-Elegant-New-Year-Sale-Instagram-Post-1-768x768.jpg 768w, https:\/\/agora.xtec.cat\/escguillemisarn\/wp-content\/uploads\/usu1631\/2022\/12\/Brown-and-Beige-Simple-and-Elegant-New-Year-Sale-Instagram-Post-1.jpg 1080w\" sizes=\"auto, (max-width: 212px) 100vw, 212px\" \/><img loading=\"lazy\" decoding=\"async\" class=\"wp-image-2560 alignleft\" src=\"https:\/\/agora.xtec.cat\/escguillemisarn\/wp-content\/uploads\/usu1631\/2022\/12\/Brown-and-Beige-Simple-and-Elegant-New-Year-Sale-Instagram-Post-1024x1024.jpg\" alt=\"\" width=\"225\" height=\"225\" srcset=\"https:\/\/agora.xtec.cat\/escguillemisarn\/wp-content\/uploads\/usu1631\/2022\/12\/Brown-and-Beige-Simple-and-Elegant-New-Year-Sale-Instagram-Post-1024x1024.jpg 1024w, https:\/\/agora.xtec.cat\/escguillemisarn\/wp-content\/uploads\/usu1631\/2022\/12\/Brown-and-Beige-Simple-and-Elegant-New-Year-Sale-Instagram-Post-300x300.jpg 300w, https:\/\/agora.xtec.cat\/escguillemisarn\/wp-content\/uploads\/usu1631\/2022\/12\/Brown-and-Beige-Simple-and-Elegant-New-Year-Sale-Instagram-Post-150x150.jpg 150w, https:\/\/agora.xtec.cat\/escguillemisarn\/wp-content\/uploads\/usu1631\/2022\/12\/Brown-and-Beige-Simple-and-Elegant-New-Year-Sale-Instagram-Post-768x768.jpg 768w, https:\/\/agora.xtec.cat\/escguillemisarn\/wp-content\/uploads\/usu1631\/2022\/12\/Brown-and-Beige-Simple-and-Elegant-New-Year-Sale-Instagram-Post.jpg 1080w\" sizes=\"auto, (max-width: 225px) 100vw, 225px\" \/><\/p>\n<p>del festival de Nadal i &#8230; el ti\u00f3!!!<\/p>\n<p>S\u00ed, s\u00ed!!! Avui hem cagat el ti\u00f3!! Hem picat ben fort i ens ha deixat ben parats!! Quina cagada de regals!!!!<\/p>\n<p>Aix\u00f2 ja fa olor de Nadal!!!<\/p>\n<p>I per desitjar-vos bones festes,&#8230; que hi haur\u00e0 en aquests Qr?<\/p>\n<p>&nbsp;<\/p>\n<p>Cliqueu a l&#8217;enlla\u00e7 per veure les fotos:<\/p>\n<p><a href=\"https:\/\/photos.app.goo.gl\/Sk4JQQgQ6wNCa8Tr8\">https:\/\/photos.app.goo.gl\/Sk4JQQgQ6wNCa8Tr8<\/a><\/p>\n","protected":false},"excerpt":{"rendered":"<p>Avui, per a l&#8217;alumnat de cicle inicial, ha estat un dia ple d&#8217;emocions: \u00faltim dia de trimestre,\u00a0 nervis<\/p>\n<p>del festival de Nadal i &#8230; el ti\u00f3!!!<br \/>\nS\u00ed, s\u00ed!!! Avui hem cagat el ti\u00f3!! Hem picat ben fort i ens ha deixat ben parats!! Quina cagada de regals!!!!<br \/>\nAix\u00f2&hellip;  <a href=\"https:\/\/agora.xtec.cat\/escguillemisarn\/general\/caguem-el-tio-a-ci\/\" title=\"Read CAGUEM EL TI\u00d3 A CI!\">Llegeix m\u00e9s\u00bb<\/a><\/p>\n","protected":false},"author":13,"featured_media":0,"comment_status":"open","ping_status":"closed","sticky":false,"template":"","format":"standard","meta":{"_bbp_topic_count":0,"_bbp_reply_count":0,"_bbp_total_topic_count":0,"_bbp_total_reply_count":0,"_bbp_voice_count":0,"_bbp_anonymous_reply_count":0,"_bbp_topic_count_hidden":0,"_bbp_reply_count_hidden":0,"_bbp_forum_subforum_count":0,"footnotes":""},"categories":[71,1,4],"tags":[],"class_list":["post-2555","post","type-post","status-publish","format-standard","hentry","category-ci","category-general","category-portada"],"post_mailing_queue_ids":[],"_links":{"self":[{"href":"https:\/\/agora.xtec.cat\/escguillemisarn\/wp-json\/wp\/v2\/posts\/2555","targetHints":{"allow":["GET"]}}],"collection":[{"href":"https:\/\/agora.xtec.cat\/escguillemisarn\/wp-json\/wp\/v2\/posts"}],"about":[{"href":"https:\/\/agora.xtec.cat\/escguillemisarn\/wp-json\/wp\/v2\/types\/post"}],"author":[{"embeddable":true,"href":"https:\/\/agora.xtec.cat\/escguillemisarn\/wp-json\/wp\/v2\/users\/13"}],"replies":[{"embeddable":true,"href":"https:\/\/agora.xtec.cat\/escguillemisarn\/wp-json\/wp\/v2\/comments?post=2555"}],"version-history":[{"count":3,"href":"https:\/\/agora.xtec.cat\/escguillemisarn\/wp-json\/wp\/v2\/posts\/2555\/revisions"}],"predecessor-version":[{"id":2576,"href":"https:\/\/agora.xtec.cat\/escguillemisarn\/wp-json\/wp\/v2\/posts\/2555\/revisions\/2576"}],"wp:attachment":[{"href":"https:\/\/agora.xtec.cat\/escguillemisarn\/wp-json\/wp\/v2\/media?parent=2555"}],"wp:term":[{"taxonomy":"category","embeddable":true,"href":"https:\/\/agora.xtec.cat\/escguillemisarn\/wp-json\/wp\/v2\/categories?post=2555"},{"taxonomy":"post_tag","embeddable":true,"href":"https:\/\/agora.xtec.cat\/escguillemisarn\/wp-json\/wp\/v2\/tags?post=2555"}],"curies":[{"name":"wp","href":"https:\/\/api.w.org\/{rel}","templated":true}]}}