{"id":2525,"date":"2022-12-05T13:37:28","date_gmt":"2022-12-05T12:37:28","guid":{"rendered":"https:\/\/agora.xtec.cat\/escguillemisarn\/?p=2525"},"modified":"2022-12-05T13:37:28","modified_gmt":"2022-12-05T12:37:28","slug":"apadrinament-lector","status":"publish","type":"post","link":"https:\/\/agora.xtec.cat\/escguillemisarn\/general\/apadrinament-lector\/","title":{"rendered":"APADRINAMENT LECTOR"},"content":{"rendered":"<p><span style=\"font-family: MorningSunshine;\"><span style=\"font-size: medium;\">Aquest curs hem pogut recuperar una de les activitats <span style=\"color: #000000;\">que m\u00e9s engresquen a l\u2019alumnat de cicle superior <\/span><span style=\"color: #000000;\">i inicial, parlem de<\/span><span style=\"color: #000000;\"> l\u2019<\/span><strong><span style=\"color: #000000;\">APADRINAMENT LECTOR<\/span><\/strong><span style=\"color: #000000;\">.<\/span><\/span><\/span><\/p>\n<p><span style=\"font-family: MorningSunshine;\"><span style=\"font-size: medium;\"><span style=\"color: #444444;\">E<\/span><span style=\"color: #444444;\">ls nens i les nenes de <\/span><span style=\"color: #444444;\">cinqu\u00e8 i <\/span><span style=\"color: #444444;\">sis\u00e8 <\/span><span style=\"color: #444444;\">de cicle superior<\/span><span style=\"color: #444444;\"> fa<\/span><span style=\"color: #444444;\">n <\/span><span style=\"color: #444444;\">de &#8220;padrins i padrines&#8221; lectors i ajud<\/span><span style=\"color: #444444;\">en<\/span><span style=\"color: #444444;\"> a aprendre a llegir als infants <\/span><span style=\"color: #444444;\">d&#8217;I5 i de primer de cicle inicial, els &#8220;fillols i filloles&#8221;. <\/span> <\/span><\/span><\/p>\n<p align=\"left\"><span style=\"color: #000000;\"><span style=\"font-family: MorningSunshine;\"><span style=\"font-size: medium;\">L\u2019apadrinament lector \u00e9s un projecte que ajuda als m\u00e9s grans a cr\u00e9ixer i desenvolupar habilitats com el lideratge, l\u2019empatia, la paci\u00e8ncia, mentre que els m\u00e9s petits troben en el seus padrins i padrines un referent en el qual es projecten i al qual volen imitar. Entre ells i elles s&#8217;estableix un lligam emocional que contribueix molt positivament en el seu desenvolupament afectiu.<\/span><\/span><\/span><\/p>\n<p align=\"left\"><span style=\"color: #000000;\"><span style=\"font-family: MorningSunshine;\"><span style=\"font-size: medium;\">Esperem que amb aquesta activitat se\u2019ls hi encomani el plaer de llegir a tots plegats!!<\/span><\/span><\/span><\/p>\n<p align=\"left\"><a href=\"https:\/\/photos.app.goo.gl\/KEnr8i8Ro5PvtBCF7\">https:\/\/photos.app.goo.gl\/KEnr8i8Ro5PvtBCF7<\/a><\/p>\n<p align=\"left\">\n","protected":false},"excerpt":{"rendered":"<p>Aquest curs hem pogut recuperar una de les activitats que m\u00e9s engresquen a l\u2019alumnat de cicle superior i inicial, parlem de l\u2019APADRINAMENT LECTOR.<br \/>\nEls nens i les nenes de cinqu\u00e8 i sis\u00e8 de cicle superior fan de &#8220;padrins i padrines&#8221; lectors i ajuden a aprendre a&hellip;  <a href=\"https:\/\/agora.xtec.cat\/escguillemisarn\/general\/apadrinament-lector\/\" title=\"Read APADRINAMENT LECTOR\">Llegeix m\u00e9s\u00bb<\/a><\/p>\n","protected":false},"author":1,"featured_media":0,"comment_status":"open","ping_status":"closed","sticky":false,"template":"","format":"standard","meta":{"_bbp_topic_count":0,"_bbp_reply_count":0,"_bbp_total_topic_count":0,"_bbp_total_reply_count":0,"_bbp_voice_count":0,"_bbp_anonymous_reply_count":0,"_bbp_topic_count_hidden":0,"_bbp_reply_count_hidden":0,"_bbp_forum_subforum_count":0,"footnotes":""},"categories":[74,71,73,1,4],"tags":[],"class_list":["post-2525","post","type-post","status-publish","format-standard","hentry","category-apadrinament","category-ci","category-cs","category-general","category-portada"],"post_mailing_queue_ids":[],"_links":{"self":[{"href":"https:\/\/agora.xtec.cat\/escguillemisarn\/wp-json\/wp\/v2\/posts\/2525","targetHints":{"allow":["GET"]}}],"collection":[{"href":"https:\/\/agora.xtec.cat\/escguillemisarn\/wp-json\/wp\/v2\/posts"}],"about":[{"href":"https:\/\/agora.xtec.cat\/escguillemisarn\/wp-json\/wp\/v2\/types\/post"}],"author":[{"embeddable":true,"href":"https:\/\/agora.xtec.cat\/escguillemisarn\/wp-json\/wp\/v2\/users\/1"}],"replies":[{"embeddable":true,"href":"https:\/\/agora.xtec.cat\/escguillemisarn\/wp-json\/wp\/v2\/comments?post=2525"}],"version-history":[{"count":3,"href":"https:\/\/agora.xtec.cat\/escguillemisarn\/wp-json\/wp\/v2\/posts\/2525\/revisions"}],"predecessor-version":[{"id":2528,"href":"https:\/\/agora.xtec.cat\/escguillemisarn\/wp-json\/wp\/v2\/posts\/2525\/revisions\/2528"}],"wp:attachment":[{"href":"https:\/\/agora.xtec.cat\/escguillemisarn\/wp-json\/wp\/v2\/media?parent=2525"}],"wp:term":[{"taxonomy":"category","embeddable":true,"href":"https:\/\/agora.xtec.cat\/escguillemisarn\/wp-json\/wp\/v2\/categories?post=2525"},{"taxonomy":"post_tag","embeddable":true,"href":"https:\/\/agora.xtec.cat\/escguillemisarn\/wp-json\/wp\/v2\/tags?post=2525"}],"curies":[{"name":"wp","href":"https:\/\/api.w.org\/{rel}","templated":true}]}}