{"id":2523,"date":"2022-12-13T17:48:30","date_gmt":"2022-12-13T16:48:30","guid":{"rendered":"https:\/\/agora.xtec.cat\/escguillemisarn\/?p=2523"},"modified":"2022-12-13T17:48:30","modified_gmt":"2022-12-13T16:48:30","slug":"vivim-la-tardor-a-educacio-infantil","status":"publish","type":"post","link":"https:\/\/agora.xtec.cat\/escguillemisarn\/general\/vivim-la-tardor-a-educacio-infantil\/","title":{"rendered":"VIVIM LA TARDOR A EDUCACI\u00d3 INFANTIL!!"},"content":{"rendered":"<p>La tardor s&#8217;acaba i ens atansem a l&#8217;hivern. Per\u00f2 abans, us volem ensenyar algunes de les activitats que hem fet per con\u00e8ixer aquesta estaci\u00f3. Cliqueu a l&#8217;enlla\u00e7 i podreu veure uns v\u00eddeos ben bonics. Esperem que els compartiu amb els vostres fills i filles, i que els disfruteu for\u00e7a!!<\/p>\n<p><a href=\"https:\/\/agora.xtec.cat\/escguillemisarn\/wp-content\/uploads\/usu1631\/2022\/12\/fruits.jpg\"><img loading=\"lazy\" decoding=\"async\" class=\"alignnone wp-image-2529\" src=\"https:\/\/agora.xtec.cat\/escguillemisarn\/wp-content\/uploads\/usu1631\/2022\/12\/fruits.jpg\" alt=\"\" width=\"292\" height=\"178\" srcset=\"https:\/\/agora.xtec.cat\/escguillemisarn\/wp-content\/uploads\/usu1631\/2022\/12\/fruits.jpg 944w, https:\/\/agora.xtec.cat\/escguillemisarn\/wp-content\/uploads\/usu1631\/2022\/12\/fruits-300x183.jpg 300w, https:\/\/agora.xtec.cat\/escguillemisarn\/wp-content\/uploads\/usu1631\/2022\/12\/fruits-768x468.jpg 768w\" sizes=\"auto, (max-width: 292px) 100vw, 292px\" \/><\/a><\/p>\n<p><a href=\"https:\/\/photos.app.goo.gl\/Pd359ofNDXTBMgh37\">https:\/\/photos.app.goo.gl\/Pd359ofNDXTBMgh37<\/a><\/p>\n","protected":false},"excerpt":{"rendered":"<p>La tardor s&#8217;acaba i ens atansem a l&#8217;hivern. Per\u00f2 abans, us volem ensenyar algunes de les activitats que hem fet per con\u00e8ixer aquesta estaci\u00f3. Cliqueu a l&#8217;enlla\u00e7 i podreu veure uns v\u00eddeos ben bonics. Esperem que els compartiu amb els vostres fills i filles, i&hellip;  <a href=\"https:\/\/agora.xtec.cat\/escguillemisarn\/general\/vivim-la-tardor-a-educacio-infantil\/\" title=\"Read VIVIM LA TARDOR A EDUCACI\u00d3 INFANTIL!!\">Llegeix m\u00e9s\u00bb<\/a><\/p>\n","protected":false},"author":14,"featured_media":0,"comment_status":"open","ping_status":"closed","sticky":false,"template":"","format":"standard","meta":{"_bbp_topic_count":0,"_bbp_reply_count":0,"_bbp_total_topic_count":0,"_bbp_total_reply_count":0,"_bbp_voice_count":0,"_bbp_anonymous_reply_count":0,"_bbp_topic_count_hidden":0,"_bbp_reply_count_hidden":0,"_bbp_forum_subforum_count":0,"footnotes":""},"categories":[1,2,4],"tags":[],"class_list":["post-2523","post","type-post","status-publish","format-standard","hentry","category-general","category-infantil","category-portada"],"post_mailing_queue_ids":[],"_links":{"self":[{"href":"https:\/\/agora.xtec.cat\/escguillemisarn\/wp-json\/wp\/v2\/posts\/2523","targetHints":{"allow":["GET"]}}],"collection":[{"href":"https:\/\/agora.xtec.cat\/escguillemisarn\/wp-json\/wp\/v2\/posts"}],"about":[{"href":"https:\/\/agora.xtec.cat\/escguillemisarn\/wp-json\/wp\/v2\/types\/post"}],"author":[{"embeddable":true,"href":"https:\/\/agora.xtec.cat\/escguillemisarn\/wp-json\/wp\/v2\/users\/14"}],"replies":[{"embeddable":true,"href":"https:\/\/agora.xtec.cat\/escguillemisarn\/wp-json\/wp\/v2\/comments?post=2523"}],"version-history":[{"count":3,"href":"https:\/\/agora.xtec.cat\/escguillemisarn\/wp-json\/wp\/v2\/posts\/2523\/revisions"}],"predecessor-version":[{"id":2532,"href":"https:\/\/agora.xtec.cat\/escguillemisarn\/wp-json\/wp\/v2\/posts\/2523\/revisions\/2532"}],"wp:attachment":[{"href":"https:\/\/agora.xtec.cat\/escguillemisarn\/wp-json\/wp\/v2\/media?parent=2523"}],"wp:term":[{"taxonomy":"category","embeddable":true,"href":"https:\/\/agora.xtec.cat\/escguillemisarn\/wp-json\/wp\/v2\/categories?post=2523"},{"taxonomy":"post_tag","embeddable":true,"href":"https:\/\/agora.xtec.cat\/escguillemisarn\/wp-json\/wp\/v2\/tags?post=2523"}],"curies":[{"name":"wp","href":"https:\/\/api.w.org\/{rel}","templated":true}]}}