{"id":2516,"date":"2022-11-30T12:09:18","date_gmt":"2022-11-30T11:09:18","guid":{"rendered":"https:\/\/agora.xtec.cat\/escguillemisarn\/?p=2516"},"modified":"2022-11-30T12:09:18","modified_gmt":"2022-11-30T11:09:18","slug":"una-trucada-ben-dhora-un-aprenentatge-b-e-s-t-i-a-l","status":"publish","type":"post","link":"https:\/\/agora.xtec.cat\/escguillemisarn\/general\/una-trucada-ben-dhora-un-aprenentatge-b-e-s-t-i-a-l\/","title":{"rendered":"Una trucada ben d&#8217;hora, un aprenentatge B E S T I A L !!!"},"content":{"rendered":"<p><a href=\"https:\/\/agora.xtec.cat\/escguillemisarn\/wp-content\/uploads\/usu1631\/2022\/11\/Astor.jpg\"><img loading=\"lazy\" decoding=\"async\" class=\"size-full wp-image-2517 alignleft\" src=\"https:\/\/agora.xtec.cat\/escguillemisarn\/wp-content\/uploads\/usu1631\/2022\/11\/Astor.jpg\" alt=\"\" width=\"184\" height=\"300\" \/><\/a>Avui els nens i nenes de l&#8217;Escola se senten ben afortunats, sabeu per qu\u00e8? Ben d&#8217;hora ben d&#8217;hora ens han trucat els Agents Rurals, el Miqui i la Roser, explicant-nos que fa uns dies un astor, au rapinyaire, va entrar a una granja de perdius i es va quedar encallada a les xarxes tot trencant-se algunes parts del seu cos. Per sort la van poder recollir i portar-la al centre de recuperaci\u00f3 de fauna de Vallcalent i all\u00ed, despr\u00e9s d&#8217;unes sessions de fisioter\u00e0pia, la van poder salvar. Avui era el dia per alliberar-la i han pensat en la nostra escola per a portar a terme aquesta reintroducci\u00f3 a la natura.<\/p>\n<p>Volem fer un agra\u00efment molt especial al Miqui i a la Roser per pensar amb l&#8217;escola Guillem Isarn i haver pogut gaudir d&#8217;aquest aprenentatge tan significatiu i espectacular per tot l&#8217;alumnat. Mil gr\u00e0cies!<\/p>\n<p>Si voleu veure algunes fotografies del moment de l&#8217;alliberament aqu\u00ed us les deixem:<\/p>\n<p><a href=\"https:\/\/photos.app.goo.gl\/VvVjS2cP2rCbTWsC9\">https:\/\/photos.app.goo.gl\/VvVjS2cP2rCbTWsC9<\/a><\/p>\n","protected":false},"excerpt":{"rendered":"<p><a href=\"https:\/\/agora.xtec.cat\/escguillemisarn\/wp-content\/uploads\/usu1631\/2022\/11\/Astor.jpg\"><\/a>Avui els nens i nenes de l&#8217;Escola se senten ben afortunats, sabeu per qu\u00e8? Ben d&#8217;hora ben d&#8217;hora ens han trucat els Agents Rurals, el Miqui i la Roser, explicant-nos que fa uns dies un astor, au rapinyaire, va entrar a una granja de&hellip;  <a href=\"https:\/\/agora.xtec.cat\/escguillemisarn\/general\/una-trucada-ben-dhora-un-aprenentatge-b-e-s-t-i-a-l\/\" title=\"Read Una trucada ben d&#8217;hora, un aprenentatge B E S T I A L !!!\">Llegeix m\u00e9s\u00bb<\/a><\/p>\n","protected":false},"author":1,"featured_media":0,"comment_status":"open","ping_status":"closed","sticky":false,"template":"","format":"standard","meta":{"_bbp_topic_count":0,"_bbp_reply_count":0,"_bbp_total_topic_count":0,"_bbp_total_reply_count":0,"_bbp_voice_count":0,"_bbp_anonymous_reply_count":0,"_bbp_topic_count_hidden":0,"_bbp_reply_count_hidden":0,"_bbp_forum_subforum_count":0,"footnotes":""},"categories":[71,72,73,77,1,2,4,5],"tags":[],"class_list":["post-2516","post","type-post","status-publish","format-standard","hentry","category-ci","category-cm","category-cs","category-escola-verda","category-general","category-infantil","category-portada","category-primaria"],"post_mailing_queue_ids":[],"_links":{"self":[{"href":"https:\/\/agora.xtec.cat\/escguillemisarn\/wp-json\/wp\/v2\/posts\/2516","targetHints":{"allow":["GET"]}}],"collection":[{"href":"https:\/\/agora.xtec.cat\/escguillemisarn\/wp-json\/wp\/v2\/posts"}],"about":[{"href":"https:\/\/agora.xtec.cat\/escguillemisarn\/wp-json\/wp\/v2\/types\/post"}],"author":[{"embeddable":true,"href":"https:\/\/agora.xtec.cat\/escguillemisarn\/wp-json\/wp\/v2\/users\/1"}],"replies":[{"embeddable":true,"href":"https:\/\/agora.xtec.cat\/escguillemisarn\/wp-json\/wp\/v2\/comments?post=2516"}],"version-history":[{"count":1,"href":"https:\/\/agora.xtec.cat\/escguillemisarn\/wp-json\/wp\/v2\/posts\/2516\/revisions"}],"predecessor-version":[{"id":2518,"href":"https:\/\/agora.xtec.cat\/escguillemisarn\/wp-json\/wp\/v2\/posts\/2516\/revisions\/2518"}],"wp:attachment":[{"href":"https:\/\/agora.xtec.cat\/escguillemisarn\/wp-json\/wp\/v2\/media?parent=2516"}],"wp:term":[{"taxonomy":"category","embeddable":true,"href":"https:\/\/agora.xtec.cat\/escguillemisarn\/wp-json\/wp\/v2\/categories?post=2516"},{"taxonomy":"post_tag","embeddable":true,"href":"https:\/\/agora.xtec.cat\/escguillemisarn\/wp-json\/wp\/v2\/tags?post=2516"}],"curies":[{"name":"wp","href":"https:\/\/api.w.org\/{rel}","templated":true}]}}