{"id":2500,"date":"2022-11-26T08:10:25","date_gmt":"2022-11-26T07:10:25","guid":{"rendered":"https:\/\/agora.xtec.cat\/escguillemisarn\/?p=2500"},"modified":"2022-11-26T08:16:13","modified_gmt":"2022-11-26T07:16:13","slug":"25n-un-dia-per-a-la-reflexio-educativa","status":"publish","type":"post","link":"https:\/\/agora.xtec.cat\/escguillemisarn\/general\/25n-un-dia-per-a-la-reflexio-educativa\/","title":{"rendered":"25N, un dia per a la reflexi\u00f3 educativa"},"content":{"rendered":"<p><a href=\"https:\/\/agora.xtec.cat\/escguillemisarn\/wp-content\/uploads\/usu1631\/2022\/11\/Simbol-Lluita-Violencia-masclista-400x400-1.jpeg\"><img loading=\"lazy\" decoding=\"async\" class=\"wp-image-2501 alignleft\" src=\"https:\/\/agora.xtec.cat\/escguillemisarn\/wp-content\/uploads\/usu1631\/2022\/11\/Simbol-Lluita-Violencia-masclista-400x400-1.jpeg\" alt=\"\" width=\"235\" height=\"235\" srcset=\"https:\/\/agora.xtec.cat\/escguillemisarn\/wp-content\/uploads\/usu1631\/2022\/11\/Simbol-Lluita-Violencia-masclista-400x400-1.jpeg 400w, https:\/\/agora.xtec.cat\/escguillemisarn\/wp-content\/uploads\/usu1631\/2022\/11\/Simbol-Lluita-Violencia-masclista-400x400-1-300x300.jpeg 300w, https:\/\/agora.xtec.cat\/escguillemisarn\/wp-content\/uploads\/usu1631\/2022\/11\/Simbol-Lluita-Violencia-masclista-400x400-1-150x150.jpeg 150w\" sizes=\"auto, (max-width: 235px) 100vw, 235px\" \/><\/a><\/p>\n<p>Les alumnes i els alumnes de Cicle Mitj\u00e0, aquest divendres 25 de novembre, dia internacional contra l&#8217;Erradicaci\u00f3 de la viol\u00e8ncia ver les dones, hem fet un taller sobre les desigualtats de g\u00e8nere i la viol\u00e8ncia envers les dones des d&#8217;una mirada propera i pedag\u00f2gica.<\/p>\n<p>De la m\u00e0 de la Laia Tasies, mare de l&#8217;escola i regidora de Benestar Social i fam\u00edlia, i la nostra TIS, Maria Guix\u00e8, hem realizat diferents activitats: per comen\u00e7ar ens han explicat un conte, El viaje en globo, despr\u00e9s ens han fet una presentaci\u00f3 i mostrat diferents curtmetratges que han obert un bonic debat, en el que totes hem pogut expressar-nos i compartir.<\/p>\n<p>Des d&#8217;aquestes l\u00ednies volem agra\u00efr, tant a la Laia Tasies com a la Maria Guix\u00e9, per acceptar el repte i venir a explicar-nos i fer-nos reflexionar sobre la viol\u00e8ncia de g\u00e8nere, des de la seva experi\u00e8ncia professional i a m\u00e9s a m\u00e9s fer-ho d&#8217;una manera tant propera.<\/p>\n<p>Us deixem unes imatges del <a href=\"https:\/\/photos.app.goo.gl\/ojhpkuYE7gAhoz8z9\">taller.<\/a><\/p>\n<p><a href=\"https:\/\/photos.app.goo.gl\/ojhpkuYE7gAhoz8z9\">https:\/\/photos.app.goo.gl\/ojhpkuYE7gAhoz8z9<\/a><\/p>\n","protected":false},"excerpt":{"rendered":"<p><a href=\"https:\/\/agora.xtec.cat\/escguillemisarn\/wp-content\/uploads\/usu1631\/2022\/11\/Simbol-Lluita-Violencia-masclista-400x400-1.jpeg\"><\/a><br \/>\nLes alumnes i els alumnes de Cicle Mitj\u00e0, aquest divendres 25 de novembre, dia internacional contra l&#8217;Erradicaci\u00f3 de la viol\u00e8ncia ver les dones, hem fet un taller sobre les desigualtats de g\u00e8nere i la viol\u00e8ncia envers les dones des d&#8217;una mirada propera i pedag\u00f2gica.<br \/>\nDe&hellip;  <a href=\"https:\/\/agora.xtec.cat\/escguillemisarn\/general\/25n-un-dia-per-a-la-reflexio-educativa\/\" title=\"Read 25N, un dia per a la reflexi\u00f3 educativa\">Llegeix m\u00e9s\u00bb<\/a><\/p>\n","protected":false},"author":6,"featured_media":2501,"comment_status":"open","ping_status":"closed","sticky":false,"template":"","format":"standard","meta":{"_bbp_topic_count":0,"_bbp_reply_count":0,"_bbp_total_topic_count":0,"_bbp_total_reply_count":0,"_bbp_voice_count":0,"_bbp_anonymous_reply_count":0,"_bbp_topic_count_hidden":0,"_bbp_reply_count_hidden":0,"_bbp_forum_subforum_count":0,"footnotes":""},"categories":[72,1,4,5],"tags":[],"class_list":["post-2500","post","type-post","status-publish","format-standard","has-post-thumbnail","hentry","category-cm","category-general","category-portada","category-primaria"],"post_mailing_queue_ids":[],"_links":{"self":[{"href":"https:\/\/agora.xtec.cat\/escguillemisarn\/wp-json\/wp\/v2\/posts\/2500","targetHints":{"allow":["GET"]}}],"collection":[{"href":"https:\/\/agora.xtec.cat\/escguillemisarn\/wp-json\/wp\/v2\/posts"}],"about":[{"href":"https:\/\/agora.xtec.cat\/escguillemisarn\/wp-json\/wp\/v2\/types\/post"}],"author":[{"embeddable":true,"href":"https:\/\/agora.xtec.cat\/escguillemisarn\/wp-json\/wp\/v2\/users\/6"}],"replies":[{"embeddable":true,"href":"https:\/\/agora.xtec.cat\/escguillemisarn\/wp-json\/wp\/v2\/comments?post=2500"}],"version-history":[{"count":3,"href":"https:\/\/agora.xtec.cat\/escguillemisarn\/wp-json\/wp\/v2\/posts\/2500\/revisions"}],"predecessor-version":[{"id":2506,"href":"https:\/\/agora.xtec.cat\/escguillemisarn\/wp-json\/wp\/v2\/posts\/2500\/revisions\/2506"}],"wp:featuredmedia":[{"embeddable":true,"href":"https:\/\/agora.xtec.cat\/escguillemisarn\/wp-json\/wp\/v2\/media\/2501"}],"wp:attachment":[{"href":"https:\/\/agora.xtec.cat\/escguillemisarn\/wp-json\/wp\/v2\/media?parent=2500"}],"wp:term":[{"taxonomy":"category","embeddable":true,"href":"https:\/\/agora.xtec.cat\/escguillemisarn\/wp-json\/wp\/v2\/categories?post=2500"},{"taxonomy":"post_tag","embeddable":true,"href":"https:\/\/agora.xtec.cat\/escguillemisarn\/wp-json\/wp\/v2\/tags?post=2500"}],"curies":[{"name":"wp","href":"https:\/\/api.w.org\/{rel}","templated":true}]}}