{"id":2496,"date":"2022-11-25T15:13:51","date_gmt":"2022-11-25T14:13:51","guid":{"rendered":"https:\/\/agora.xtec.cat\/escguillemisarn\/?p=2496"},"modified":"2022-11-25T15:56:13","modified_gmt":"2022-11-25T14:56:13","slug":"dia-internacional-per-a-leliminacio-de-la-violencia-envers-les-dones","status":"publish","type":"post","link":"https:\/\/agora.xtec.cat\/escguillemisarn\/general\/dia-internacional-per-a-leliminacio-de-la-violencia-envers-les-dones\/","title":{"rendered":"Dia Internacional per a l\u2019Eliminaci\u00f3 de la Viol\u00e8ncia envers les Dones"},"content":{"rendered":"<p><a href=\"https:\/\/agora.xtec.cat\/escguillemisarn\/wp-content\/uploads\/usu1631\/2022\/11\/20211125-25N.png_548072524.png\"><img loading=\"lazy\" decoding=\"async\" class=\"wp-image-2497 alignleft\" src=\"https:\/\/agora.xtec.cat\/escguillemisarn\/wp-content\/uploads\/usu1631\/2022\/11\/20211125-25N.png_548072524.png\" alt=\"\" width=\"261\" height=\"195\" srcset=\"https:\/\/agora.xtec.cat\/escguillemisarn\/wp-content\/uploads\/usu1631\/2022\/11\/20211125-25N.png_548072524.png 740w, https:\/\/agora.xtec.cat\/escguillemisarn\/wp-content\/uploads\/usu1631\/2022\/11\/20211125-25N.png_548072524-300x224.png 300w, https:\/\/agora.xtec.cat\/escguillemisarn\/wp-content\/uploads\/usu1631\/2022\/11\/20211125-25N.png_548072524-200x150.png 200w\" sizes=\"auto, (max-width: 261px) 100vw, 261px\" \/><\/a>Avui els infants de l&#8217;escola hem celebrat el Dia Internacional per a l&#8217;Eliminaci\u00f3 de la Viol\u00e8ncia envers les dones #25N. Hem fet la lectura del manifest on hem comptat amb l&#8217;assist\u00e8ncia de tots els nens i nenes de l&#8217;escola, amb tot el claustre de mestres i amb la regidora de Benestar social i sanitat de l&#8217;Ajuntament de La Fuliola i Bold\u00fa, la Sra. Laia T\u00e0sies.<\/p>\n<p>L&#8217;alumnat de 6\u00e8 ha estat l&#8217;encarregat de llegir l&#8217;escrit i ho heu fet molt b\u00e9!<\/p>\n<p><a href=\"https:\/\/photos.app.goo.gl\/hpy5GNM5TWLnHsTk6\">https:\/\/photos.app.goo.gl\/hpy5GNM5TWLnHsTk6<\/a><\/p>\n<p>&nbsp;<\/p>\n<h1 class=\"NG-menu__title\"><\/h1>\n","protected":false},"excerpt":{"rendered":"<p><a href=\"https:\/\/agora.xtec.cat\/escguillemisarn\/wp-content\/uploads\/usu1631\/2022\/11\/20211125-25N.png_548072524.png\"><\/a>Avui els infants de l&#8217;escola hem celebrat el Dia Internacional per a l&#8217;Eliminaci\u00f3 de la Viol\u00e8ncia envers les dones #25N. Hem fet la lectura del manifest on hem comptat amb l&#8217;assist\u00e8ncia de tots els nens i nenes de l&#8217;escola, amb tot el claustre de&hellip;  <a href=\"https:\/\/agora.xtec.cat\/escguillemisarn\/general\/dia-internacional-per-a-leliminacio-de-la-violencia-envers-les-dones\/\" title=\"Read Dia Internacional per a l\u2019Eliminaci\u00f3 de la Viol\u00e8ncia envers les Dones\">Llegeix m\u00e9s\u00bb<\/a><\/p>\n","protected":false},"author":1,"featured_media":0,"comment_status":"open","ping_status":"closed","sticky":false,"template":"","format":"standard","meta":{"_bbp_topic_count":0,"_bbp_reply_count":0,"_bbp_total_topic_count":0,"_bbp_total_reply_count":0,"_bbp_voice_count":0,"_bbp_anonymous_reply_count":0,"_bbp_topic_count_hidden":0,"_bbp_reply_count_hidden":0,"_bbp_forum_subforum_count":0,"footnotes":""},"categories":[1],"tags":[],"class_list":["post-2496","post","type-post","status-publish","format-standard","hentry","category-general"],"post_mailing_queue_ids":[],"_links":{"self":[{"href":"https:\/\/agora.xtec.cat\/escguillemisarn\/wp-json\/wp\/v2\/posts\/2496","targetHints":{"allow":["GET"]}}],"collection":[{"href":"https:\/\/agora.xtec.cat\/escguillemisarn\/wp-json\/wp\/v2\/posts"}],"about":[{"href":"https:\/\/agora.xtec.cat\/escguillemisarn\/wp-json\/wp\/v2\/types\/post"}],"author":[{"embeddable":true,"href":"https:\/\/agora.xtec.cat\/escguillemisarn\/wp-json\/wp\/v2\/users\/1"}],"replies":[{"embeddable":true,"href":"https:\/\/agora.xtec.cat\/escguillemisarn\/wp-json\/wp\/v2\/comments?post=2496"}],"version-history":[{"count":2,"href":"https:\/\/agora.xtec.cat\/escguillemisarn\/wp-json\/wp\/v2\/posts\/2496\/revisions"}],"predecessor-version":[{"id":2499,"href":"https:\/\/agora.xtec.cat\/escguillemisarn\/wp-json\/wp\/v2\/posts\/2496\/revisions\/2499"}],"wp:attachment":[{"href":"https:\/\/agora.xtec.cat\/escguillemisarn\/wp-json\/wp\/v2\/media?parent=2496"}],"wp:term":[{"taxonomy":"category","embeddable":true,"href":"https:\/\/agora.xtec.cat\/escguillemisarn\/wp-json\/wp\/v2\/categories?post=2496"},{"taxonomy":"post_tag","embeddable":true,"href":"https:\/\/agora.xtec.cat\/escguillemisarn\/wp-json\/wp\/v2\/tags?post=2496"}],"curies":[{"name":"wp","href":"https:\/\/api.w.org\/{rel}","templated":true}]}}