{"id":2493,"date":"2022-11-23T13:55:33","date_gmt":"2022-11-23T12:55:33","guid":{"rendered":"https:\/\/agora.xtec.cat\/escguillemisarn\/?p=2493"},"modified":"2022-11-23T18:21:50","modified_gmt":"2022-11-23T17:21:50","slug":"taller-de-paper-a-i3","status":"publish","type":"post","link":"https:\/\/agora.xtec.cat\/escguillemisarn\/general\/taller-de-paper-a-i3\/","title":{"rendered":"TALLER DE PAPER A I3"},"content":{"rendered":"<p><a href=\"https:\/\/agora.xtec.cat\/escguillemisarn\/wp-content\/uploads\/usu1631\/2022\/11\/photo_2022-11-17_19-25-40.jpg\"><img loading=\"lazy\" decoding=\"async\" class=\"wp-image-2490 alignleft\" src=\"https:\/\/agora.xtec.cat\/escguillemisarn\/wp-content\/uploads\/usu1631\/2022\/11\/photo_2022-11-17_19-25-40.jpg\" alt=\"\" width=\"379\" height=\"215\" srcset=\"https:\/\/agora.xtec.cat\/escguillemisarn\/wp-content\/uploads\/usu1631\/2022\/11\/photo_2022-11-17_19-25-40.jpg 1018w, https:\/\/agora.xtec.cat\/escguillemisarn\/wp-content\/uploads\/usu1631\/2022\/11\/photo_2022-11-17_19-25-40-300x170.jpg 300w, https:\/\/agora.xtec.cat\/escguillemisarn\/wp-content\/uploads\/usu1631\/2022\/11\/photo_2022-11-17_19-25-40-768x436.jpg 768w\" sizes=\"auto, (max-width: 379px) 100vw, 379px\" \/><\/a>Els nens i nenes d&#8217;infantil 3 hem estat exercitant la motricitat fina utilitzant un material tant familiar com \u00e9s el PAPER. A trav\u00e9s de tipus de papers i t\u00e8cniques, l&#8217;hem pogut descobrir de manera sensorial, escoltant els sons que en podem produir, observant els colors, la textura, els diferents processos de transformaci\u00f3&#8230; Aix\u00ed doncs, hem esquin\u00e7at, hem rebregat, punxat, foradat, enrotllat, plegat, ondulat, retallat i hem fet boles amb papers ben diferents en quant a textura, colors, mides&#8230; Ja som tots uns experts i expertes en treballar el paper! Us deixem un recull d&#8217;imatges perqu\u00e8 ho pogueu veure.<\/p>\n<p><a href=\"https:\/\/photos.app.goo.gl\/ADnftD5nvJnjrgLN6\">https:\/\/photos.app.goo.gl\/ADnftD5nvJnjrgLN6<\/a><\/p>\n","protected":false},"excerpt":{"rendered":"<p><a href=\"https:\/\/agora.xtec.cat\/escguillemisarn\/wp-content\/uploads\/usu1631\/2022\/11\/photo_2022-11-17_19-25-40.jpg\"><\/a>Els nens i nenes d&#8217;infantil 3 hem estat exercitant la motricitat fina utilitzant un material tant familiar com \u00e9s el PAPER. A trav\u00e9s de tipus de papers i t\u00e8cniques, l&#8217;hem pogut descobrir de manera sensorial, escoltant els sons que en podem produir, observant els&hellip;  <a href=\"https:\/\/agora.xtec.cat\/escguillemisarn\/general\/taller-de-paper-a-i3\/\" title=\"Read TALLER DE PAPER A I3\">Llegeix m\u00e9s\u00bb<\/a><\/p>\n","protected":false},"author":14,"featured_media":0,"comment_status":"open","ping_status":"closed","sticky":false,"template":"","format":"standard","meta":{"_bbp_topic_count":0,"_bbp_reply_count":0,"_bbp_total_topic_count":0,"_bbp_total_reply_count":0,"_bbp_voice_count":0,"_bbp_anonymous_reply_count":0,"_bbp_topic_count_hidden":0,"_bbp_reply_count_hidden":0,"_bbp_forum_subforum_count":0,"footnotes":""},"categories":[1,2,4],"tags":[],"class_list":["post-2493","post","type-post","status-publish","format-standard","hentry","category-general","category-infantil","category-portada"],"post_mailing_queue_ids":[],"_links":{"self":[{"href":"https:\/\/agora.xtec.cat\/escguillemisarn\/wp-json\/wp\/v2\/posts\/2493","targetHints":{"allow":["GET"]}}],"collection":[{"href":"https:\/\/agora.xtec.cat\/escguillemisarn\/wp-json\/wp\/v2\/posts"}],"about":[{"href":"https:\/\/agora.xtec.cat\/escguillemisarn\/wp-json\/wp\/v2\/types\/post"}],"author":[{"embeddable":true,"href":"https:\/\/agora.xtec.cat\/escguillemisarn\/wp-json\/wp\/v2\/users\/14"}],"replies":[{"embeddable":true,"href":"https:\/\/agora.xtec.cat\/escguillemisarn\/wp-json\/wp\/v2\/comments?post=2493"}],"version-history":[{"count":2,"href":"https:\/\/agora.xtec.cat\/escguillemisarn\/wp-json\/wp\/v2\/posts\/2493\/revisions"}],"predecessor-version":[{"id":2495,"href":"https:\/\/agora.xtec.cat\/escguillemisarn\/wp-json\/wp\/v2\/posts\/2493\/revisions\/2495"}],"wp:attachment":[{"href":"https:\/\/agora.xtec.cat\/escguillemisarn\/wp-json\/wp\/v2\/media?parent=2493"}],"wp:term":[{"taxonomy":"category","embeddable":true,"href":"https:\/\/agora.xtec.cat\/escguillemisarn\/wp-json\/wp\/v2\/categories?post=2493"},{"taxonomy":"post_tag","embeddable":true,"href":"https:\/\/agora.xtec.cat\/escguillemisarn\/wp-json\/wp\/v2\/tags?post=2493"}],"curies":[{"name":"wp","href":"https:\/\/api.w.org\/{rel}","templated":true}]}}