{"id":2486,"date":"2022-11-18T16:30:25","date_gmt":"2022-11-18T15:30:25","guid":{"rendered":"https:\/\/agora.xtec.cat\/escguillemisarn\/?p=2486"},"modified":"2022-11-18T16:30:25","modified_gmt":"2022-11-18T15:30:25","slug":"projecte-de-convivencia","status":"publish","type":"post","link":"https:\/\/agora.xtec.cat\/escguillemisarn\/general\/projecte-de-convivencia\/","title":{"rendered":"Projecte de conviv\u00e8ncia"},"content":{"rendered":"<p><a href=\"https:\/\/agora.xtec.cat\/escguillemisarn\/wp-content\/uploads\/usu1631\/2022\/11\/Hay-distintas-formas-de-convivencia-e1422544757288.jpg\"><img loading=\"lazy\" decoding=\"async\" class=\" wp-image-2487 alignleft\" src=\"https:\/\/agora.xtec.cat\/escguillemisarn\/wp-content\/uploads\/usu1631\/2022\/11\/Hay-distintas-formas-de-convivencia-e1422544757288.jpg\" alt=\"\" width=\"158\" height=\"157\" srcset=\"https:\/\/agora.xtec.cat\/escguillemisarn\/wp-content\/uploads\/usu1631\/2022\/11\/Hay-distintas-formas-de-convivencia-e1422544757288.jpg 500w, https:\/\/agora.xtec.cat\/escguillemisarn\/wp-content\/uploads\/usu1631\/2022\/11\/Hay-distintas-formas-de-convivencia-e1422544757288-300x297.jpg 300w, https:\/\/agora.xtec.cat\/escguillemisarn\/wp-content\/uploads\/usu1631\/2022\/11\/Hay-distintas-formas-de-convivencia-e1422544757288-150x150.jpg 150w\" sizes=\"auto, (max-width: 158px) 100vw, 158px\" \/><\/a>Avui l&#8217;alumnat de prim\u00e0ria ha tingut l&#8217;oportunitat de con\u00e8ixer el projecte de conviv\u00e8ncia i totes les estrat\u00e8gies que des de l&#8217;Ajuntament i l&#8217;Escola duran a terme per fer del municipi un lloc millor. \u00c9s un projecte engrescador on ens hi hem de sumar tots i totes. Aix\u00ed que, comen\u00e7ar per l&#8217;escola, sempre \u00e9s un bon lloc.<\/p>\n<p>Si voleu veure algunes fotos de la presentaci\u00f3 que ens han fet la Laia i la Mar de l&#8217;Ajuntament nom\u00e9s cal que cliqueu a l&#8217;enlla\u00e7. Us agra\u00efm molt\u00edssim que h\u00e0giu vingut al centre a difondre aquest gran projecte!<\/p>\n<p><a href=\"https:\/\/photos.app.goo.gl\/smzQKJcXQQ7WwS9X9\">https:\/\/photos.app.goo.gl\/smzQKJcXQQ7WwS9X9<\/a><\/p>\n","protected":false},"excerpt":{"rendered":"<p><a href=\"https:\/\/agora.xtec.cat\/escguillemisarn\/wp-content\/uploads\/usu1631\/2022\/11\/Hay-distintas-formas-de-convivencia-e1422544757288.jpg\"><\/a>Avui l&#8217;alumnat de prim\u00e0ria ha tingut l&#8217;oportunitat de con\u00e8ixer el projecte de conviv\u00e8ncia i totes les estrat\u00e8gies que des de l&#8217;Ajuntament i l&#8217;Escola duran a terme per fer del municipi un lloc millor. \u00c9s un projecte engrescador on ens hi hem de sumar tots&hellip;  <a href=\"https:\/\/agora.xtec.cat\/escguillemisarn\/general\/projecte-de-convivencia\/\" title=\"Read Projecte de conviv\u00e8ncia\">Llegeix m\u00e9s\u00bb<\/a><\/p>\n","protected":false},"author":1,"featured_media":0,"comment_status":"open","ping_status":"closed","sticky":false,"template":"","format":"standard","meta":{"_bbp_topic_count":0,"_bbp_reply_count":0,"_bbp_total_topic_count":0,"_bbp_total_reply_count":0,"_bbp_voice_count":0,"_bbp_anonymous_reply_count":0,"_bbp_topic_count_hidden":0,"_bbp_reply_count_hidden":0,"_bbp_forum_subforum_count":0,"footnotes":""},"categories":[71,72,73,1,2,4,5],"tags":[],"class_list":["post-2486","post","type-post","status-publish","format-standard","hentry","category-ci","category-cm","category-cs","category-general","category-infantil","category-portada","category-primaria"],"post_mailing_queue_ids":[],"_links":{"self":[{"href":"https:\/\/agora.xtec.cat\/escguillemisarn\/wp-json\/wp\/v2\/posts\/2486","targetHints":{"allow":["GET"]}}],"collection":[{"href":"https:\/\/agora.xtec.cat\/escguillemisarn\/wp-json\/wp\/v2\/posts"}],"about":[{"href":"https:\/\/agora.xtec.cat\/escguillemisarn\/wp-json\/wp\/v2\/types\/post"}],"author":[{"embeddable":true,"href":"https:\/\/agora.xtec.cat\/escguillemisarn\/wp-json\/wp\/v2\/users\/1"}],"replies":[{"embeddable":true,"href":"https:\/\/agora.xtec.cat\/escguillemisarn\/wp-json\/wp\/v2\/comments?post=2486"}],"version-history":[{"count":1,"href":"https:\/\/agora.xtec.cat\/escguillemisarn\/wp-json\/wp\/v2\/posts\/2486\/revisions"}],"predecessor-version":[{"id":2488,"href":"https:\/\/agora.xtec.cat\/escguillemisarn\/wp-json\/wp\/v2\/posts\/2486\/revisions\/2488"}],"wp:attachment":[{"href":"https:\/\/agora.xtec.cat\/escguillemisarn\/wp-json\/wp\/v2\/media?parent=2486"}],"wp:term":[{"taxonomy":"category","embeddable":true,"href":"https:\/\/agora.xtec.cat\/escguillemisarn\/wp-json\/wp\/v2\/categories?post=2486"},{"taxonomy":"post_tag","embeddable":true,"href":"https:\/\/agora.xtec.cat\/escguillemisarn\/wp-json\/wp\/v2\/tags?post=2486"}],"curies":[{"name":"wp","href":"https:\/\/api.w.org\/{rel}","templated":true}]}}