{"id":2479,"date":"2022-11-18T10:49:18","date_gmt":"2022-11-18T09:49:18","guid":{"rendered":"https:\/\/agora.xtec.cat\/escguillemisarn\/?p=2479"},"modified":"2022-11-20T23:06:30","modified_gmt":"2022-11-20T22:06:30","slug":"una-escola-per-a-tothom-un-projecte-per-a-cadascu","status":"publish","type":"post","link":"https:\/\/agora.xtec.cat\/escguillemisarn\/general\/una-escola-per-a-tothom-un-projecte-per-a-cadascu\/","title":{"rendered":"Una escola per a tothom, un projecte per a cadasc\u00fa!"},"content":{"rendered":"<p><a href=\"https:\/\/agora.xtec.cat\/escguillemisarn\/wp-content\/uploads\/usu1631\/2022\/11\/1249a-escolainclusiva_joan2bturu.jpg\"><img loading=\"lazy\" decoding=\"async\" class=\"wp-image-2484 alignleft\" src=\"https:\/\/agora.xtec.cat\/escguillemisarn\/wp-content\/uploads\/usu1631\/2022\/11\/1249a-escolainclusiva_joan2bturu-1024x602.jpg\" alt=\"\" width=\"441\" height=\"259\" srcset=\"https:\/\/agora.xtec.cat\/escguillemisarn\/wp-content\/uploads\/usu1631\/2022\/11\/1249a-escolainclusiva_joan2bturu-1024x602.jpg 1024w, https:\/\/agora.xtec.cat\/escguillemisarn\/wp-content\/uploads\/usu1631\/2022\/11\/1249a-escolainclusiva_joan2bturu-300x176.jpg 300w, https:\/\/agora.xtec.cat\/escguillemisarn\/wp-content\/uploads\/usu1631\/2022\/11\/1249a-escolainclusiva_joan2bturu-768x452.jpg 768w, https:\/\/agora.xtec.cat\/escguillemisarn\/wp-content\/uploads\/usu1631\/2022\/11\/1249a-escolainclusiva_joan2bturu-1536x903.jpg 1536w, https:\/\/agora.xtec.cat\/escguillemisarn\/wp-content\/uploads\/usu1631\/2022\/11\/1249a-escolainclusiva_joan2bturu.jpg 1600w\" sizes=\"auto, (max-width: 441px) 100vw, 441px\" \/><\/a><\/p>\n<p>Avui, la Maria, la nostra t\u00e8cnica en integraci\u00f3 social (TIS), ha comen\u00e7at un projecte molt engrescador i en el que ja portem dies treballant-hi: la formaci\u00f3 a les fam\u00edlies. Una iniciativa que parteix de la base de la inclusi\u00f3 per\u00f2 no nom\u00e9s de l&#8217;alumnat sin\u00f3 de les fam\u00edlies. Volem eliminar les barreres que pugui haver-hi entre el centre i les mares i pares dels alumnes. Volem extendre la funci\u00f3 educadora que fem dins de l&#8217;escola, tamb\u00e9 fora, ja que entenem que l&#8217;escola no nom\u00e9s \u00e9s l&#8217;edifici escolar.<\/p>\n<p>Amb aquesta actuaci\u00f3 perseguim c<span style=\"font-family: inherit; font-size: 1em;\">ontribuir a la millora de l&#8217;equitat en l&#8217;acc\u00e9s a oportunitats educatives i a l&#8217;\u00e8xit escolar de tot l&#8217;alumnat amb l&#8217;enfortiment de les fam\u00edlies per tal que disposin dels recursos necessaris per compensar les necessitats i desigualtats educatives i r<\/span><span style=\"font-family: inherit; font-size: 1em;\">efor\u00e7ar la dimensi\u00f3 comunit\u00e0ria de l&#8217;acci\u00f3 educativa.<\/span><\/p>\n<p>Aix\u00ed que us deixem veure com es treballa en aquest entorn, de forma individualitzada, amable i enriquidora. Gr\u00e0cies a totes les fam\u00edlies que hi participareu!<\/p>\n<p><a href=\"https:\/\/photos.app.goo.gl\/Ft8jJfh6vFDn2Y8bA\">https:\/\/photos.app.goo.gl\/Ft8jJfh6vFDn2Y8bA<\/a><\/p>\n<p>&nbsp;<\/p>\n","protected":false},"excerpt":{"rendered":"<p><a href=\"https:\/\/agora.xtec.cat\/escguillemisarn\/wp-content\/uploads\/usu1631\/2022\/11\/1249a-escolainclusiva_joan2bturu.jpg\"><\/a><br \/>\nAvui, la Maria, la nostra t\u00e8cnica en integraci\u00f3 social (TIS), ha comen\u00e7at un projecte molt engrescador i en el que ja portem dies treballant-hi: la formaci\u00f3 a les fam\u00edlies. Una iniciativa que parteix de la base de la inclusi\u00f3 per\u00f2 no nom\u00e9s de l&#8217;alumnat&hellip;  <a href=\"https:\/\/agora.xtec.cat\/escguillemisarn\/general\/una-escola-per-a-tothom-un-projecte-per-a-cadascu\/\" title=\"Read Una escola per a tothom, un projecte per a cadasc\u00fa!\">Llegeix m\u00e9s\u00bb<\/a><\/p>\n","protected":false},"author":1,"featured_media":0,"comment_status":"open","ping_status":"closed","sticky":false,"template":"","format":"standard","meta":{"_bbp_topic_count":0,"_bbp_reply_count":0,"_bbp_total_topic_count":0,"_bbp_total_reply_count":0,"_bbp_voice_count":0,"_bbp_anonymous_reply_count":0,"_bbp_topic_count_hidden":0,"_bbp_reply_count_hidden":0,"_bbp_forum_subforum_count":0,"footnotes":""},"categories":[71,72,73,1,2,4,5],"tags":[],"class_list":["post-2479","post","type-post","status-publish","format-standard","hentry","category-ci","category-cm","category-cs","category-general","category-infantil","category-portada","category-primaria"],"post_mailing_queue_ids":[],"_links":{"self":[{"href":"https:\/\/agora.xtec.cat\/escguillemisarn\/wp-json\/wp\/v2\/posts\/2479","targetHints":{"allow":["GET"]}}],"collection":[{"href":"https:\/\/agora.xtec.cat\/escguillemisarn\/wp-json\/wp\/v2\/posts"}],"about":[{"href":"https:\/\/agora.xtec.cat\/escguillemisarn\/wp-json\/wp\/v2\/types\/post"}],"author":[{"embeddable":true,"href":"https:\/\/agora.xtec.cat\/escguillemisarn\/wp-json\/wp\/v2\/users\/1"}],"replies":[{"embeddable":true,"href":"https:\/\/agora.xtec.cat\/escguillemisarn\/wp-json\/wp\/v2\/comments?post=2479"}],"version-history":[{"count":2,"href":"https:\/\/agora.xtec.cat\/escguillemisarn\/wp-json\/wp\/v2\/posts\/2479\/revisions"}],"predecessor-version":[{"id":2489,"href":"https:\/\/agora.xtec.cat\/escguillemisarn\/wp-json\/wp\/v2\/posts\/2479\/revisions\/2489"}],"wp:attachment":[{"href":"https:\/\/agora.xtec.cat\/escguillemisarn\/wp-json\/wp\/v2\/media?parent=2479"}],"wp:term":[{"taxonomy":"category","embeddable":true,"href":"https:\/\/agora.xtec.cat\/escguillemisarn\/wp-json\/wp\/v2\/categories?post=2479"},{"taxonomy":"post_tag","embeddable":true,"href":"https:\/\/agora.xtec.cat\/escguillemisarn\/wp-json\/wp\/v2\/tags?post=2479"}],"curies":[{"name":"wp","href":"https:\/\/api.w.org\/{rel}","templated":true}]}}