{"id":2476,"date":"2022-11-17T13:46:38","date_gmt":"2022-11-17T12:46:38","guid":{"rendered":"https:\/\/agora.xtec.cat\/escguillemisarn\/?p=2476"},"modified":"2022-11-17T13:48:34","modified_gmt":"2022-11-17T12:48:34","slug":"carros-de-carrega-de-portatils","status":"publish","type":"post","link":"https:\/\/agora.xtec.cat\/escguillemisarn\/general\/carros-de-carrega-de-portatils\/","title":{"rendered":"Carros de c\u00e0rrega de port\u00e0tils"},"content":{"rendered":"<p><a href=\"https:\/\/agora.xtec.cat\/escguillemisarn\/wp-content\/uploads\/usu1631\/2022\/11\/un-ordenador-portatil-la-casa-la-habitacion-11502052.jpg\"><img loading=\"lazy\" decoding=\"async\" class=\" wp-image-2477 alignleft\" src=\"https:\/\/agora.xtec.cat\/escguillemisarn\/wp-content\/uploads\/usu1631\/2022\/11\/un-ordenador-portatil-la-casa-la-habitacion-11502052.jpg\" alt=\"\" width=\"277\" height=\"217\" srcset=\"https:\/\/agora.xtec.cat\/escguillemisarn\/wp-content\/uploads\/usu1631\/2022\/11\/un-ordenador-portatil-la-casa-la-habitacion-11502052.jpg 600w, https:\/\/agora.xtec.cat\/escguillemisarn\/wp-content\/uploads\/usu1631\/2022\/11\/un-ordenador-portatil-la-casa-la-habitacion-11502052-300x235.jpg 300w\" sizes=\"auto, (max-width: 277px) 100vw, 277px\" \/><\/a>A l&#8217;Escola ens han arribat els carros de c\u00e0rrega de port\u00e0tils. N&#8217;hi ha un per la classe de cinqu\u00e8 i un per la classe de sis\u00e8. Aquesta iniciativa est\u00e0 emmarcada al Programa Educa en Digital, de la Uni\u00f3 Europea i desenvolupat pel Ministeri d&#8217;Educaci\u00f3 i Formaci\u00f3 Professional i el Departament d&#8217;Educaci\u00f3 de la Generalitat de Catalunya.<\/p>\n<p>Si els voleu veure, cliqueu a l&#8217;enlla\u00e7:<\/p>\n<p><a href=\"https:\/\/photos.app.goo.gl\/JmDxWYtJaqoHuHg7A\">https:\/\/photos.app.goo.gl\/JmDxWYtJaqoHuHg7A<\/a><\/p>\n<p>&nbsp;<\/p>\n","protected":false},"excerpt":{"rendered":"<p><a href=\"https:\/\/agora.xtec.cat\/escguillemisarn\/wp-content\/uploads\/usu1631\/2022\/11\/un-ordenador-portatil-la-casa-la-habitacion-11502052.jpg\"><\/a>A l&#8217;Escola ens han arribat els carros de c\u00e0rrega de port\u00e0tils. N&#8217;hi ha un per la classe de cinqu\u00e8 i un per la classe de sis\u00e8. Aquesta iniciativa est\u00e0 emmarcada al Programa Educa en Digital, de la Uni\u00f3 Europea i desenvolupat pel Ministeri d&#8217;Educaci\u00f3&hellip;  <a href=\"https:\/\/agora.xtec.cat\/escguillemisarn\/general\/carros-de-carrega-de-portatils\/\" title=\"Read Carros de c\u00e0rrega de port\u00e0tils\">Llegeix m\u00e9s\u00bb<\/a><\/p>\n","protected":false},"author":18,"featured_media":0,"comment_status":"open","ping_status":"closed","sticky":false,"template":"","format":"standard","meta":{"_bbp_topic_count":0,"_bbp_reply_count":0,"_bbp_total_topic_count":0,"_bbp_total_reply_count":0,"_bbp_voice_count":0,"_bbp_anonymous_reply_count":0,"_bbp_topic_count_hidden":0,"_bbp_reply_count_hidden":0,"_bbp_forum_subforum_count":0,"footnotes":""},"categories":[71,72,73,1,2,4,5],"tags":[],"class_list":["post-2476","post","type-post","status-publish","format-standard","hentry","category-ci","category-cm","category-cs","category-general","category-infantil","category-portada","category-primaria"],"post_mailing_queue_ids":[],"_links":{"self":[{"href":"https:\/\/agora.xtec.cat\/escguillemisarn\/wp-json\/wp\/v2\/posts\/2476","targetHints":{"allow":["GET"]}}],"collection":[{"href":"https:\/\/agora.xtec.cat\/escguillemisarn\/wp-json\/wp\/v2\/posts"}],"about":[{"href":"https:\/\/agora.xtec.cat\/escguillemisarn\/wp-json\/wp\/v2\/types\/post"}],"author":[{"embeddable":true,"href":"https:\/\/agora.xtec.cat\/escguillemisarn\/wp-json\/wp\/v2\/users\/18"}],"replies":[{"embeddable":true,"href":"https:\/\/agora.xtec.cat\/escguillemisarn\/wp-json\/wp\/v2\/comments?post=2476"}],"version-history":[{"count":1,"href":"https:\/\/agora.xtec.cat\/escguillemisarn\/wp-json\/wp\/v2\/posts\/2476\/revisions"}],"predecessor-version":[{"id":2478,"href":"https:\/\/agora.xtec.cat\/escguillemisarn\/wp-json\/wp\/v2\/posts\/2476\/revisions\/2478"}],"wp:attachment":[{"href":"https:\/\/agora.xtec.cat\/escguillemisarn\/wp-json\/wp\/v2\/media?parent=2476"}],"wp:term":[{"taxonomy":"category","embeddable":true,"href":"https:\/\/agora.xtec.cat\/escguillemisarn\/wp-json\/wp\/v2\/categories?post=2476"},{"taxonomy":"post_tag","embeddable":true,"href":"https:\/\/agora.xtec.cat\/escguillemisarn\/wp-json\/wp\/v2\/tags?post=2476"}],"curies":[{"name":"wp","href":"https:\/\/api.w.org\/{rel}","templated":true}]}}