{"id":2470,"date":"2022-11-11T17:40:28","date_gmt":"2022-11-11T16:40:28","guid":{"rendered":"https:\/\/agora.xtec.cat\/escguillemisarn\/?p=2470"},"modified":"2022-11-11T17:40:28","modified_gmt":"2022-11-11T16:40:28","slug":"jornada-esportiva-al-parc-de-sant-eloi-de-tarrega","status":"publish","type":"post","link":"https:\/\/agora.xtec.cat\/escguillemisarn\/general\/jornada-esportiva-al-parc-de-sant-eloi-de-tarrega\/","title":{"rendered":"Jornada esportiva al parc de Sant Eloi de T\u00e0rrega"},"content":{"rendered":"<p><a href=\"https:\/\/agora.xtec.cat\/escguillemisarn\/wp-content\/uploads\/usu1631\/2022\/11\/TURU.jpg\"><img loading=\"lazy\" decoding=\"async\" class=\"wp-image-2471 alignleft\" src=\"https:\/\/agora.xtec.cat\/escguillemisarn\/wp-content\/uploads\/usu1631\/2022\/11\/TURU.jpg\" alt=\"\" width=\"304\" height=\"215\" srcset=\"https:\/\/agora.xtec.cat\/escguillemisarn\/wp-content\/uploads\/usu1631\/2022\/11\/TURU.jpg 960w, https:\/\/agora.xtec.cat\/escguillemisarn\/wp-content\/uploads\/usu1631\/2022\/11\/TURU-300x212.jpg 300w, https:\/\/agora.xtec.cat\/escguillemisarn\/wp-content\/uploads\/usu1631\/2022\/11\/TURU-768x542.jpg 768w\" sizes=\"auto, (max-width: 304px) 100vw, 304px\" \/><\/a>Avui els infants de 5\u00e8 i 6\u00e8 han participat a la Jornada esportiva al parc de Sant Eloi de T\u00e0rrega. Aquesta jornada est\u00e0 organitzada pel Seminari de mestres i professors d&#8217;Educaci\u00f3 F\u00edsica de l&#8217;Urgell. Un seminari de formaci\u00f3 i innovaci\u00f3 en el marc de l&#8217;educaci\u00f3 f\u00edsica en el que tots els docents implicats ens nodrim de les bones pr\u00e0ctiques que es fan als diferents centres educatius de la comarca.<\/p>\n<p>Avui, a Sant Eloi, hi havia m\u00e9s de 750 alumnes d&#8217;escoles i instituts practicant diferents jocs. Tot ha estat molt ben organitzat i ens ho hem passat molt b\u00e9. Si voleu veure algunes fotos ja sabeu que nom\u00e9s cal que cliqueu a l&#8217;enlla\u00e7 que us deixem a continuaci\u00f3:<\/p>\n<p><a href=\"https:\/\/photos.app.goo.gl\/BfPfKAoJLDwgp9G77\">https:\/\/photos.app.goo.gl\/BfPfKAoJLDwgp9G77<\/a><\/p>\n","protected":false},"excerpt":{"rendered":"<p><a href=\"https:\/\/agora.xtec.cat\/escguillemisarn\/wp-content\/uploads\/usu1631\/2022\/11\/TURU.jpg\"><\/a>Avui els infants de 5\u00e8 i 6\u00e8 han participat a la Jornada esportiva al parc de Sant Eloi de T\u00e0rrega. Aquesta jornada est\u00e0 organitzada pel Seminari de mestres i professors d&#8217;Educaci\u00f3 F\u00edsica de l&#8217;Urgell. Un seminari de formaci\u00f3 i innovaci\u00f3 en el marc de&hellip;  <a href=\"https:\/\/agora.xtec.cat\/escguillemisarn\/general\/jornada-esportiva-al-parc-de-sant-eloi-de-tarrega\/\" title=\"Read Jornada esportiva al parc de Sant Eloi de T\u00e0rrega\">Llegeix m\u00e9s\u00bb<\/a><\/p>\n","protected":false},"author":18,"featured_media":0,"comment_status":"open","ping_status":"closed","sticky":false,"template":"","format":"standard","meta":{"_bbp_topic_count":0,"_bbp_reply_count":0,"_bbp_total_topic_count":0,"_bbp_total_reply_count":0,"_bbp_voice_count":0,"_bbp_anonymous_reply_count":0,"_bbp_topic_count_hidden":0,"_bbp_reply_count_hidden":0,"_bbp_forum_subforum_count":0,"footnotes":""},"categories":[73,1,4],"tags":[],"class_list":["post-2470","post","type-post","status-publish","format-standard","hentry","category-cs","category-general","category-portada"],"post_mailing_queue_ids":[],"_links":{"self":[{"href":"https:\/\/agora.xtec.cat\/escguillemisarn\/wp-json\/wp\/v2\/posts\/2470","targetHints":{"allow":["GET"]}}],"collection":[{"href":"https:\/\/agora.xtec.cat\/escguillemisarn\/wp-json\/wp\/v2\/posts"}],"about":[{"href":"https:\/\/agora.xtec.cat\/escguillemisarn\/wp-json\/wp\/v2\/types\/post"}],"author":[{"embeddable":true,"href":"https:\/\/agora.xtec.cat\/escguillemisarn\/wp-json\/wp\/v2\/users\/18"}],"replies":[{"embeddable":true,"href":"https:\/\/agora.xtec.cat\/escguillemisarn\/wp-json\/wp\/v2\/comments?post=2470"}],"version-history":[{"count":1,"href":"https:\/\/agora.xtec.cat\/escguillemisarn\/wp-json\/wp\/v2\/posts\/2470\/revisions"}],"predecessor-version":[{"id":2472,"href":"https:\/\/agora.xtec.cat\/escguillemisarn\/wp-json\/wp\/v2\/posts\/2470\/revisions\/2472"}],"wp:attachment":[{"href":"https:\/\/agora.xtec.cat\/escguillemisarn\/wp-json\/wp\/v2\/media?parent=2470"}],"wp:term":[{"taxonomy":"category","embeddable":true,"href":"https:\/\/agora.xtec.cat\/escguillemisarn\/wp-json\/wp\/v2\/categories?post=2470"},{"taxonomy":"post_tag","embeddable":true,"href":"https:\/\/agora.xtec.cat\/escguillemisarn\/wp-json\/wp\/v2\/tags?post=2470"}],"curies":[{"name":"wp","href":"https:\/\/api.w.org\/{rel}","templated":true}]}}