{"id":2462,"date":"2022-11-07T20:41:19","date_gmt":"2022-11-07T19:41:19","guid":{"rendered":"https:\/\/agora.xtec.cat\/escguillemisarn\/?p=2462"},"modified":"2022-11-07T20:44:18","modified_gmt":"2022-11-07T19:44:18","slug":"banc-dels-aliments","status":"publish","type":"post","link":"https:\/\/agora.xtec.cat\/escguillemisarn\/general\/banc-dels-aliments\/","title":{"rendered":"Recollida d&#8217;aliments a l&#8217;escola!!!"},"content":{"rendered":"<p>Avui ens han visitat tres voluntaris del banc dels aliments de les comarques de Lleida.<a href=\"https:\/\/agora.xtec.cat\/escguillemisarn\/wp-content\/uploads\/usu1631\/2022\/11\/logo-vertical.jpg\"><img loading=\"lazy\" decoding=\"async\" class=\"wp-image-2463 alignright\" src=\"https:\/\/agora.xtec.cat\/escguillemisarn\/wp-content\/uploads\/usu1631\/2022\/11\/logo-vertical.jpg\" alt=\"\" width=\"184\" height=\"190\" srcset=\"https:\/\/agora.xtec.cat\/escguillemisarn\/wp-content\/uploads\/usu1631\/2022\/11\/logo-vertical.jpg 822w, https:\/\/agora.xtec.cat\/escguillemisarn\/wp-content\/uploads\/usu1631\/2022\/11\/logo-vertical-290x300.jpg 290w, https:\/\/agora.xtec.cat\/escguillemisarn\/wp-content\/uploads\/usu1631\/2022\/11\/logo-vertical-768x793.jpg 768w\" sizes=\"auto, (max-width: 184px) 100vw, 184px\" \/><\/a><\/p>\n<p>Ens han explicat la import\u00e0ncia de la feina que fan i ens han preparat<\/p>\n<p>unes din\u00e0miques per entendre qu\u00e8 \u00e9s la pobresa alimentaria, situaci\u00f3<\/p>\n<p>en que es troba el 26% de la poblaci\u00f3 catalana.<\/p>\n<p>Ens hem conscienciat que cal fer un consum responsable dels aliments i comprar nom\u00e9s all\u00f2 que \u00e9s necessari per no fer-ne un malbaratament.<\/p>\n<p>Finalment, s&#8217;han endut tots els aliments que han portat els i les alumnes de l&#8217;escola.<\/p>\n<p>Moltes <strong>GR\u00c0CIES<\/strong> fam\u00edlies per la vostra col\u00b7laboraci\u00f3!!!!!!<\/p>\n<p><a href=\"https:\/\/photos.app.goo.gl\/o3P32gNSnTzF7FTKA\">https:\/\/photos.app.goo.gl\/o3P32gNSnTzF7FTKA<\/a><\/p>\n","protected":false},"excerpt":{"rendered":"<p>Avui ens han visitat tres voluntaris del banc dels aliments de les comarques de Lleida.<a href=\"https:\/\/agora.xtec.cat\/escguillemisarn\/wp-content\/uploads\/usu1631\/2022\/11\/logo-vertical.jpg\"><\/a><br \/>\nEns han explicat la import\u00e0ncia de la feina que fan i ens han preparat<br \/>\nunes din\u00e0miques per entendre qu\u00e8 \u00e9s la pobresa alimentaria, situaci\u00f3<br \/>\nen que es troba el 26% de la&hellip;  <a href=\"https:\/\/agora.xtec.cat\/escguillemisarn\/general\/banc-dels-aliments\/\" title=\"Read Recollida d&#8217;aliments a l&#8217;escola!!!\">Llegeix m\u00e9s\u00bb<\/a><\/p>\n","protected":false},"author":13,"featured_media":0,"comment_status":"open","ping_status":"closed","sticky":false,"template":"","format":"standard","meta":{"_bbp_topic_count":0,"_bbp_reply_count":0,"_bbp_total_topic_count":0,"_bbp_total_reply_count":0,"_bbp_voice_count":0,"_bbp_anonymous_reply_count":0,"_bbp_topic_count_hidden":0,"_bbp_reply_count_hidden":0,"_bbp_forum_subforum_count":0,"footnotes":""},"categories":[71,72,77,1,4],"tags":[],"class_list":["post-2462","post","type-post","status-publish","format-standard","hentry","category-ci","category-cm","category-escola-verda","category-general","category-portada"],"post_mailing_queue_ids":[],"_links":{"self":[{"href":"https:\/\/agora.xtec.cat\/escguillemisarn\/wp-json\/wp\/v2\/posts\/2462","targetHints":{"allow":["GET"]}}],"collection":[{"href":"https:\/\/agora.xtec.cat\/escguillemisarn\/wp-json\/wp\/v2\/posts"}],"about":[{"href":"https:\/\/agora.xtec.cat\/escguillemisarn\/wp-json\/wp\/v2\/types\/post"}],"author":[{"embeddable":true,"href":"https:\/\/agora.xtec.cat\/escguillemisarn\/wp-json\/wp\/v2\/users\/13"}],"replies":[{"embeddable":true,"href":"https:\/\/agora.xtec.cat\/escguillemisarn\/wp-json\/wp\/v2\/comments?post=2462"}],"version-history":[{"count":2,"href":"https:\/\/agora.xtec.cat\/escguillemisarn\/wp-json\/wp\/v2\/posts\/2462\/revisions"}],"predecessor-version":[{"id":2465,"href":"https:\/\/agora.xtec.cat\/escguillemisarn\/wp-json\/wp\/v2\/posts\/2462\/revisions\/2465"}],"wp:attachment":[{"href":"https:\/\/agora.xtec.cat\/escguillemisarn\/wp-json\/wp\/v2\/media?parent=2462"}],"wp:term":[{"taxonomy":"category","embeddable":true,"href":"https:\/\/agora.xtec.cat\/escguillemisarn\/wp-json\/wp\/v2\/categories?post=2462"},{"taxonomy":"post_tag","embeddable":true,"href":"https:\/\/agora.xtec.cat\/escguillemisarn\/wp-json\/wp\/v2\/tags?post=2462"}],"curies":[{"name":"wp","href":"https:\/\/api.w.org\/{rel}","templated":true}]}}