{"id":2457,"date":"2022-11-08T08:10:20","date_gmt":"2022-11-08T07:10:20","guid":{"rendered":"https:\/\/agora.xtec.cat\/escguillemisarn\/?p=2457"},"modified":"2022-11-08T08:13:22","modified_gmt":"2022-11-08T07:13:22","slug":"entorn-daprenentatge-de-pujalt","status":"publish","type":"post","link":"https:\/\/agora.xtec.cat\/escguillemisarn\/general\/entorn-daprenentatge-de-pujalt\/","title":{"rendered":"Entorn d&#8217;Aprenentatge de Pujalt"},"content":{"rendered":"<p style=\"text-align: justify;\">Aquest divendres l&#8217;alumnat de Cicle Mitj\u00e0 i Superior de\u00a0<img loading=\"lazy\" decoding=\"async\" class=\"attachment-266x266  alignleft\" src=\"https:\/\/agora.xtec.cat\/escguillemisarn\/wp-content\/uploads\/usu1631\/2022\/11\/a-scaled.jpg\" sizes=\"auto, (max-width: 266px) 100vw, 266px\" srcset=\"https:\/\/agora.xtec.cat\/escguillemisarn\/wp-content\/uploads\/usu1631\/2022\/11\/a-scaled.jpg 2560w, https:\/\/agora.xtec.cat\/escguillemisarn\/wp-content\/uploads\/usu1631\/2022\/11\/a-300x225.jpg 300w, https:\/\/agora.xtec.cat\/escguillemisarn\/wp-content\/uploads\/usu1631\/2022\/11\/a-1024x768.jpg 1024w, https:\/\/agora.xtec.cat\/escguillemisarn\/wp-content\/uploads\/usu1631\/2022\/11\/a-768x576.jpg 768w, https:\/\/agora.xtec.cat\/escguillemisarn\/wp-content\/uploads\/usu1631\/2022\/11\/a-1536x1152.jpg 1536w, https:\/\/agora.xtec.cat\/escguillemisarn\/wp-content\/uploads\/usu1631\/2022\/11\/a-2048x1536.jpg 2048w, https:\/\/agora.xtec.cat\/escguillemisarn\/wp-content\/uploads\/usu1631\/2022\/11\/a-200x150.jpg 200w\" alt=\"\" width=\"262\" height=\"197\" \/><span style=\"font-family: inherit; font-size: 1em;\">l&#8217;Escola han visitat l&#8217;observatori meteorol\u00f2gic i astron\u00f2mic del Camp d&#8217;Aprenentatge de Pujalt, situat a 750 metres d&#8217;altitud, per con\u00e8ixer una mica m\u00e9s l&#8217;espai i per observar el cel de dia.<\/span><\/p>\n<p style=\"text-align: justify;\">Tot i el fred vent, s&#8217;ho han passat molt b\u00e9 i han pogut aprendre m\u00e9s sobre els planetes\u00a0 els asteroides i les gal\u00e0xies.<\/p>\n<p>Aqu\u00ed teniu un recull d&#8217;imatges de la sortida:<\/p>\n<p><a href=\"https:\/\/photos.app.goo.gl\/3KT8zy4sdDGYKSs19\">https:\/\/photos.app.goo.gl\/3KT8zy4sdDGYKSs19<\/a><\/p>\n<p>&nbsp;<\/p>\n","protected":false},"excerpt":{"rendered":"<p>Aquest divendres l&#8217;alumnat de Cicle Mitj\u00e0 i Superior de\u00a0l&#8217;Escola han visitat l&#8217;observatori meteorol\u00f2gic i astron\u00f2mic del Camp d&#8217;Aprenentatge de Pujalt, situat a 750 metres d&#8217;altitud, per con\u00e8ixer una mica m\u00e9s l&#8217;espai i per observar el cel de dia.<br \/>\nTot i el fred vent, s&#8217;ho han passat&hellip;  <a href=\"https:\/\/agora.xtec.cat\/escguillemisarn\/general\/entorn-daprenentatge-de-pujalt\/\" title=\"Read Entorn d&#8217;Aprenentatge de Pujalt\">Llegeix m\u00e9s\u00bb<\/a><\/p>\n","protected":false},"author":7,"featured_media":2466,"comment_status":"open","ping_status":"closed","sticky":false,"template":"","format":"standard","meta":{"_bbp_topic_count":0,"_bbp_reply_count":0,"_bbp_total_topic_count":0,"_bbp_total_reply_count":0,"_bbp_voice_count":0,"_bbp_anonymous_reply_count":0,"_bbp_topic_count_hidden":0,"_bbp_reply_count_hidden":0,"_bbp_forum_subforum_count":0,"footnotes":""},"categories":[72,73,1,4,5],"tags":[],"class_list":["post-2457","post","type-post","status-publish","format-standard","has-post-thumbnail","hentry","category-cm","category-cs","category-general","category-portada","category-primaria"],"post_mailing_queue_ids":[],"_links":{"self":[{"href":"https:\/\/agora.xtec.cat\/escguillemisarn\/wp-json\/wp\/v2\/posts\/2457","targetHints":{"allow":["GET"]}}],"collection":[{"href":"https:\/\/agora.xtec.cat\/escguillemisarn\/wp-json\/wp\/v2\/posts"}],"about":[{"href":"https:\/\/agora.xtec.cat\/escguillemisarn\/wp-json\/wp\/v2\/types\/post"}],"author":[{"embeddable":true,"href":"https:\/\/agora.xtec.cat\/escguillemisarn\/wp-json\/wp\/v2\/users\/7"}],"replies":[{"embeddable":true,"href":"https:\/\/agora.xtec.cat\/escguillemisarn\/wp-json\/wp\/v2\/comments?post=2457"}],"version-history":[{"count":3,"href":"https:\/\/agora.xtec.cat\/escguillemisarn\/wp-json\/wp\/v2\/posts\/2457\/revisions"}],"predecessor-version":[{"id":2467,"href":"https:\/\/agora.xtec.cat\/escguillemisarn\/wp-json\/wp\/v2\/posts\/2457\/revisions\/2467"}],"wp:featuredmedia":[{"embeddable":true,"href":"https:\/\/agora.xtec.cat\/escguillemisarn\/wp-json\/wp\/v2\/media\/2466"}],"wp:attachment":[{"href":"https:\/\/agora.xtec.cat\/escguillemisarn\/wp-json\/wp\/v2\/media?parent=2457"}],"wp:term":[{"taxonomy":"category","embeddable":true,"href":"https:\/\/agora.xtec.cat\/escguillemisarn\/wp-json\/wp\/v2\/categories?post=2457"},{"taxonomy":"post_tag","embeddable":true,"href":"https:\/\/agora.xtec.cat\/escguillemisarn\/wp-json\/wp\/v2\/tags?post=2457"}],"curies":[{"name":"wp","href":"https:\/\/api.w.org\/{rel}","templated":true}]}}