{"id":2433,"date":"2022-10-14T16:18:10","date_gmt":"2022-10-14T14:18:10","guid":{"rendered":"https:\/\/agora.xtec.cat\/escguillemisarn\/?p=2433"},"modified":"2022-10-14T16:18:10","modified_gmt":"2022-10-14T14:18:10","slug":"2n-divendres-de-tallers-la-magia-continua","status":"publish","type":"post","link":"https:\/\/agora.xtec.cat\/escguillemisarn\/general\/2n-divendres-de-tallers-la-magia-continua\/","title":{"rendered":"2n divendres de TALLERS! La m\u00e0gia continua&#8230;"},"content":{"rendered":"<p><a href=\"https:\/\/agora.xtec.cat\/escguillemisarn\/wp-content\/uploads\/usu1631\/2022\/10\/hort-escolar.png\"><img loading=\"lazy\" decoding=\"async\" class=\"wp-image-2434 alignleft\" src=\"https:\/\/agora.xtec.cat\/escguillemisarn\/wp-content\/uploads\/usu1631\/2022\/10\/hort-escolar-1024x511.png\" alt=\"\" width=\"405\" height=\"202\" srcset=\"https:\/\/agora.xtec.cat\/escguillemisarn\/wp-content\/uploads\/usu1631\/2022\/10\/hort-escolar-1024x511.png 1024w, https:\/\/agora.xtec.cat\/escguillemisarn\/wp-content\/uploads\/usu1631\/2022\/10\/hort-escolar-300x150.png 300w, https:\/\/agora.xtec.cat\/escguillemisarn\/wp-content\/uploads\/usu1631\/2022\/10\/hort-escolar-768x384.png 768w, https:\/\/agora.xtec.cat\/escguillemisarn\/wp-content\/uploads\/usu1631\/2022\/10\/hort-escolar-1536x767.png 1536w, https:\/\/agora.xtec.cat\/escguillemisarn\/wp-content\/uploads\/usu1631\/2022\/10\/hort-escolar.png 1600w\" sizes=\"auto, (max-width: 405px) 100vw, 405px\" \/><\/a>Avui hem fet el 2n divendres de Tallers. Una metodologia diferent, significativa, globalitzadora i que ajuda a l&#8217;alumnat a ser m\u00e9s aut\u00f2nom i a assumir unes responsabilitats que a l&#8217;aula costa una mica m\u00e9s, ja que els divendres a la tarda estem tots i totes barrejats, no importa l&#8217;edat que tenim, importa ajudar-nos els uns amb els altres!<\/p>\n<p>Si voleu veure les fotografies d&#8217;avui, nom\u00e9s cal que cliqueu al seg\u00fcent enlla\u00e7:<\/p>\n<p><a href=\"https:\/\/photos.app.goo.gl\/s7mF9EKtqkEd1wSj6\">https:\/\/photos.app.goo.gl\/s7mF9EKtqkEd1wSj6<\/a><\/p>\n","protected":false},"excerpt":{"rendered":"<p><a href=\"https:\/\/agora.xtec.cat\/escguillemisarn\/wp-content\/uploads\/usu1631\/2022\/10\/hort-escolar.png\"><\/a>Avui hem fet el 2n divendres de Tallers. Una metodologia diferent, significativa, globalitzadora i que ajuda a l&#8217;alumnat a ser m\u00e9s aut\u00f2nom i a assumir unes responsabilitats que a l&#8217;aula costa una mica m\u00e9s, ja que els divendres a la tarda estem tots i&hellip;  <a href=\"https:\/\/agora.xtec.cat\/escguillemisarn\/general\/2n-divendres-de-tallers-la-magia-continua\/\" title=\"Read 2n divendres de TALLERS! La m\u00e0gia continua&#8230;\">Llegeix m\u00e9s\u00bb<\/a><\/p>\n","protected":false},"author":1,"featured_media":0,"comment_status":"open","ping_status":"closed","sticky":false,"template":"","format":"standard","meta":{"_bbp_topic_count":0,"_bbp_reply_count":0,"_bbp_total_topic_count":0,"_bbp_total_reply_count":0,"_bbp_voice_count":0,"_bbp_anonymous_reply_count":0,"_bbp_topic_count_hidden":0,"_bbp_reply_count_hidden":0,"_bbp_forum_subforum_count":0,"footnotes":""},"categories":[71,72,73,1,2,4,5],"tags":[],"class_list":["post-2433","post","type-post","status-publish","format-standard","hentry","category-ci","category-cm","category-cs","category-general","category-infantil","category-portada","category-primaria"],"post_mailing_queue_ids":[],"_links":{"self":[{"href":"https:\/\/agora.xtec.cat\/escguillemisarn\/wp-json\/wp\/v2\/posts\/2433","targetHints":{"allow":["GET"]}}],"collection":[{"href":"https:\/\/agora.xtec.cat\/escguillemisarn\/wp-json\/wp\/v2\/posts"}],"about":[{"href":"https:\/\/agora.xtec.cat\/escguillemisarn\/wp-json\/wp\/v2\/types\/post"}],"author":[{"embeddable":true,"href":"https:\/\/agora.xtec.cat\/escguillemisarn\/wp-json\/wp\/v2\/users\/1"}],"replies":[{"embeddable":true,"href":"https:\/\/agora.xtec.cat\/escguillemisarn\/wp-json\/wp\/v2\/comments?post=2433"}],"version-history":[{"count":1,"href":"https:\/\/agora.xtec.cat\/escguillemisarn\/wp-json\/wp\/v2\/posts\/2433\/revisions"}],"predecessor-version":[{"id":2435,"href":"https:\/\/agora.xtec.cat\/escguillemisarn\/wp-json\/wp\/v2\/posts\/2433\/revisions\/2435"}],"wp:attachment":[{"href":"https:\/\/agora.xtec.cat\/escguillemisarn\/wp-json\/wp\/v2\/media?parent=2433"}],"wp:term":[{"taxonomy":"category","embeddable":true,"href":"https:\/\/agora.xtec.cat\/escguillemisarn\/wp-json\/wp\/v2\/categories?post=2433"},{"taxonomy":"post_tag","embeddable":true,"href":"https:\/\/agora.xtec.cat\/escguillemisarn\/wp-json\/wp\/v2\/tags?post=2433"}],"curies":[{"name":"wp","href":"https:\/\/api.w.org\/{rel}","templated":true}]}}