{"id":2414,"date":"2022-10-13T13:26:18","date_gmt":"2022-10-13T11:26:18","guid":{"rendered":"https:\/\/agora.xtec.cat\/escguillemisarn\/?p=2414"},"modified":"2022-10-13T13:31:25","modified_gmt":"2022-10-13T11:31:25","slug":"1a-reunio-comite-ambiental","status":"publish","type":"post","link":"https:\/\/agora.xtec.cat\/escguillemisarn\/general\/1a-reunio-comite-ambiental\/","title":{"rendered":"1\u00aa reuni\u00f3 Comit\u00e8 Ambiental"},"content":{"rendered":"<p>Avui dijous 13 d&#8217;octubre hem fet la primera reuni\u00f3 del comit\u00e8 ambiental.Els nous delegats i delegades verds\/es de cada curs han exposat les seves propostes i entre tots i totes<a href=\"https:\/\/agora.xtec.cat\/escguillemisarn\/wp-content\/uploads\/usu1631\/2022\/10\/logo-programa-escoles-verdes.png\"><img loading=\"lazy\" decoding=\"async\" class=\"alignright wp-image-2415\" src=\"https:\/\/agora.xtec.cat\/escguillemisarn\/wp-content\/uploads\/usu1631\/2022\/10\/logo-programa-escoles-verdes.png\" alt=\"\" width=\"198\" height=\"181\" \/><\/a><\/p>\n<p>hem arribat a un acord.<\/p>\n<p>Tenim molta feina per endavant!!!!<\/p>\n<p><a href=\"https:\/\/agora.xtec.cat\/escguillemisarn\/wp-content\/uploads\/usu1631\/2022\/10\/IMG-20221013-WA0001-1.jpg\"><img loading=\"lazy\" decoding=\"async\" class=\"aligncenter wp-image-2417\" src=\"https:\/\/agora.xtec.cat\/escguillemisarn\/wp-content\/uploads\/usu1631\/2022\/10\/IMG-20221013-WA0001-1.jpg\" alt=\"\" width=\"441\" height=\"364\" srcset=\"https:\/\/agora.xtec.cat\/escguillemisarn\/wp-content\/uploads\/usu1631\/2022\/10\/IMG-20221013-WA0001-1.jpg 751w, https:\/\/agora.xtec.cat\/escguillemisarn\/wp-content\/uploads\/usu1631\/2022\/10\/IMG-20221013-WA0001-1-300x247.jpg 300w\" sizes=\"auto, (max-width: 441px) 100vw, 441px\" \/><\/a><\/p>\n<p>Som escola verda i vetllem pel futur del nostre planeta!!!!!<\/p>\n","protected":false},"excerpt":{"rendered":"<p>Avui dijous 13 d&#8217;octubre hem fet la primera reuni\u00f3 del comit\u00e8 ambiental.Els nous delegats i delegades verds\/es de cada curs han exposat les seves propostes i entre tots i totes<a href=\"https:\/\/agora.xtec.cat\/escguillemisarn\/wp-content\/uploads\/usu1631\/2022\/10\/logo-programa-escoles-verdes.png\"><\/a><br \/>\nhem arribat a un acord.<br \/>\nTenim molta feina per endavant!!!!<br \/>\n<a href=\"https:\/\/agora.xtec.cat\/escguillemisarn\/wp-content\/uploads\/usu1631\/2022\/10\/IMG-20221013-WA0001-1.jpg\"><\/a><br \/>\nSom escola verda i vetllem pel&hellip;  <a href=\"https:\/\/agora.xtec.cat\/escguillemisarn\/general\/1a-reunio-comite-ambiental\/\" title=\"Read 1\u00aa reuni\u00f3 Comit\u00e8 Ambiental\">Llegeix m\u00e9s\u00bb<\/a><\/p>\n","protected":false},"author":20,"featured_media":0,"comment_status":"open","ping_status":"closed","sticky":false,"template":"","format":"standard","meta":{"_bbp_topic_count":0,"_bbp_reply_count":0,"_bbp_total_topic_count":0,"_bbp_total_reply_count":0,"_bbp_voice_count":0,"_bbp_anonymous_reply_count":0,"_bbp_topic_count_hidden":0,"_bbp_reply_count_hidden":0,"_bbp_forum_subforum_count":0,"footnotes":""},"categories":[71,72,73,77,1,2,4,5],"tags":[],"class_list":["post-2414","post","type-post","status-publish","format-standard","hentry","category-ci","category-cm","category-cs","category-escola-verda","category-general","category-infantil","category-portada","category-primaria"],"post_mailing_queue_ids":[],"_links":{"self":[{"href":"https:\/\/agora.xtec.cat\/escguillemisarn\/wp-json\/wp\/v2\/posts\/2414","targetHints":{"allow":["GET"]}}],"collection":[{"href":"https:\/\/agora.xtec.cat\/escguillemisarn\/wp-json\/wp\/v2\/posts"}],"about":[{"href":"https:\/\/agora.xtec.cat\/escguillemisarn\/wp-json\/wp\/v2\/types\/post"}],"author":[{"embeddable":true,"href":"https:\/\/agora.xtec.cat\/escguillemisarn\/wp-json\/wp\/v2\/users\/20"}],"replies":[{"embeddable":true,"href":"https:\/\/agora.xtec.cat\/escguillemisarn\/wp-json\/wp\/v2\/comments?post=2414"}],"version-history":[{"count":1,"href":"https:\/\/agora.xtec.cat\/escguillemisarn\/wp-json\/wp\/v2\/posts\/2414\/revisions"}],"predecessor-version":[{"id":2418,"href":"https:\/\/agora.xtec.cat\/escguillemisarn\/wp-json\/wp\/v2\/posts\/2414\/revisions\/2418"}],"wp:attachment":[{"href":"https:\/\/agora.xtec.cat\/escguillemisarn\/wp-json\/wp\/v2\/media?parent=2414"}],"wp:term":[{"taxonomy":"category","embeddable":true,"href":"https:\/\/agora.xtec.cat\/escguillemisarn\/wp-json\/wp\/v2\/categories?post=2414"},{"taxonomy":"post_tag","embeddable":true,"href":"https:\/\/agora.xtec.cat\/escguillemisarn\/wp-json\/wp\/v2\/tags?post=2414"}],"curies":[{"name":"wp","href":"https:\/\/api.w.org\/{rel}","templated":true}]}}