{"id":2411,"date":"2022-10-07T16:20:20","date_gmt":"2022-10-07T14:20:20","guid":{"rendered":"https:\/\/agora.xtec.cat\/escguillemisarn\/?p=2411"},"modified":"2022-10-07T16:20:20","modified_gmt":"2022-10-07T14:20:20","slug":"els-tallers-dels-divendres","status":"publish","type":"post","link":"https:\/\/agora.xtec.cat\/escguillemisarn\/general\/els-tallers-dels-divendres\/","title":{"rendered":"ELS TALLERS DELS DIVENDRES!"},"content":{"rendered":"<p><a href=\"https:\/\/agora.xtec.cat\/escguillemisarn\/wp-content\/uploads\/usu1631\/2022\/10\/AC-0935.jpg\"><img loading=\"lazy\" decoding=\"async\" class=\"wp-image-2412 alignleft\" src=\"https:\/\/agora.xtec.cat\/escguillemisarn\/wp-content\/uploads\/usu1631\/2022\/10\/AC-0935.jpg\" alt=\"\" width=\"182\" height=\"178\" srcset=\"https:\/\/agora.xtec.cat\/escguillemisarn\/wp-content\/uploads\/usu1631\/2022\/10\/AC-0935.jpg 392w, https:\/\/agora.xtec.cat\/escguillemisarn\/wp-content\/uploads\/usu1631\/2022\/10\/AC-0935-300x293.jpg 300w\" sizes=\"auto, (max-width: 182px) 100vw, 182px\" \/><\/a>Per fi ha arribat el dia! El dia on l&#8217;alumnat de l&#8217;Escola ha experimentat una nova metodologia de treball i d&#8217;organitzar-se. Expressions com &#8220;Qu\u00e8 guai!&#8221;, &#8220;Qu\u00e8 xulo!&#8221;, &#8220;M&#8217;encanta aix\u00f2 que fem!&#8221;, &#8230; han estat expressions repetides de forma generalitzada de tot l&#8217;alumnat que ha gaudit de la primera tarda de Tallers. Hem fet rob\u00f2tica, experiments, hort, llengua, hem jugat amb la geometria, costura, ritmes amb el cos, collage, cooking, ODS, dance and yoga for kids i ha estat una passada!<\/p>\n<p>Si voleu veure algunes fotos d&#8217;avui, nom\u00e9s cal que cliqueu a l&#8217;enlla\u00e7! A gaudir!<\/p>\n<p><a href=\"https:\/\/photos.app.goo.gl\/vHbfgKxFywAxo29B7\">https:\/\/photos.app.goo.gl\/vHbfgKxFywAxo29B7<\/a><\/p>\n","protected":false},"excerpt":{"rendered":"<p><a href=\"https:\/\/agora.xtec.cat\/escguillemisarn\/wp-content\/uploads\/usu1631\/2022\/10\/AC-0935.jpg\"><\/a>Per fi ha arribat el dia! El dia on l&#8217;alumnat de l&#8217;Escola ha experimentat una nova metodologia de treball i d&#8217;organitzar-se. Expressions com &#8220;Qu\u00e8 guai!&#8221;, &#8220;Qu\u00e8 xulo!&#8221;, &#8220;M&#8217;encanta aix\u00f2 que fem!&#8221;, &#8230; han estat expressions repetides de forma generalitzada de tot l&#8217;alumnat que ha&hellip;  <a href=\"https:\/\/agora.xtec.cat\/escguillemisarn\/general\/els-tallers-dels-divendres\/\" title=\"Read ELS TALLERS DELS DIVENDRES!\">Llegeix m\u00e9s\u00bb<\/a><\/p>\n","protected":false},"author":1,"featured_media":0,"comment_status":"open","ping_status":"closed","sticky":false,"template":"","format":"standard","meta":{"_bbp_topic_count":0,"_bbp_reply_count":0,"_bbp_total_topic_count":0,"_bbp_total_reply_count":0,"_bbp_voice_count":0,"_bbp_anonymous_reply_count":0,"_bbp_topic_count_hidden":0,"_bbp_reply_count_hidden":0,"_bbp_forum_subforum_count":0,"footnotes":""},"categories":[71,72,73,1,2,4,5],"tags":[],"class_list":["post-2411","post","type-post","status-publish","format-standard","hentry","category-ci","category-cm","category-cs","category-general","category-infantil","category-portada","category-primaria"],"post_mailing_queue_ids":[],"_links":{"self":[{"href":"https:\/\/agora.xtec.cat\/escguillemisarn\/wp-json\/wp\/v2\/posts\/2411","targetHints":{"allow":["GET"]}}],"collection":[{"href":"https:\/\/agora.xtec.cat\/escguillemisarn\/wp-json\/wp\/v2\/posts"}],"about":[{"href":"https:\/\/agora.xtec.cat\/escguillemisarn\/wp-json\/wp\/v2\/types\/post"}],"author":[{"embeddable":true,"href":"https:\/\/agora.xtec.cat\/escguillemisarn\/wp-json\/wp\/v2\/users\/1"}],"replies":[{"embeddable":true,"href":"https:\/\/agora.xtec.cat\/escguillemisarn\/wp-json\/wp\/v2\/comments?post=2411"}],"version-history":[{"count":1,"href":"https:\/\/agora.xtec.cat\/escguillemisarn\/wp-json\/wp\/v2\/posts\/2411\/revisions"}],"predecessor-version":[{"id":2413,"href":"https:\/\/agora.xtec.cat\/escguillemisarn\/wp-json\/wp\/v2\/posts\/2411\/revisions\/2413"}],"wp:attachment":[{"href":"https:\/\/agora.xtec.cat\/escguillemisarn\/wp-json\/wp\/v2\/media?parent=2411"}],"wp:term":[{"taxonomy":"category","embeddable":true,"href":"https:\/\/agora.xtec.cat\/escguillemisarn\/wp-json\/wp\/v2\/categories?post=2411"},{"taxonomy":"post_tag","embeddable":true,"href":"https:\/\/agora.xtec.cat\/escguillemisarn\/wp-json\/wp\/v2\/tags?post=2411"}],"curies":[{"name":"wp","href":"https:\/\/api.w.org\/{rel}","templated":true}]}}