{"id":2400,"date":"2022-09-05T18:00:05","date_gmt":"2022-09-05T16:00:05","guid":{"rendered":"https:\/\/agora.xtec.cat\/escguillemisarn\/?p=2400"},"modified":"2022-09-05T18:06:14","modified_gmt":"2022-09-05T16:06:14","slug":"primer-dia-descola-b-e-n-v-i-n-g-u-t-22-23","status":"publish","type":"post","link":"https:\/\/agora.xtec.cat\/escguillemisarn\/general\/primer-dia-descola-b-e-n-v-i-n-g-u-t-22-23\/","title":{"rendered":"Primer dia d&#8217;escola. B E N V I N G U T 22-23 !"},"content":{"rendered":"<p><a href=\"https:\/\/agora.xtec.cat\/escguillemisarn\/wp-content\/uploads\/usu1631\/2022\/09\/dia.jpg\"><img loading=\"lazy\" decoding=\"async\" class=\"size-full wp-image-2402 aligncenter\" src=\"https:\/\/agora.xtec.cat\/escguillemisarn\/wp-content\/uploads\/usu1631\/2022\/09\/dia.jpg\" alt=\"\" width=\"410\" height=\"217\" srcset=\"https:\/\/agora.xtec.cat\/escguillemisarn\/wp-content\/uploads\/usu1631\/2022\/09\/dia.jpg 410w, https:\/\/agora.xtec.cat\/escguillemisarn\/wp-content\/uploads\/usu1631\/2022\/09\/dia-300x159.jpg 300w\" sizes=\"auto, (max-width: 410px) 100vw, 410px\" \/><\/a><\/p>\n<p>Benvolgudes fam\u00edlies,<\/p>\n<p>El primer dia d&#8217;escola sempre \u00e9s un dia especial per a tots. Ho \u00e9s per l&#8217;alumnat, per\u00f2 tamb\u00e9 per les fam\u00edlies i sobretot per aquelles que comencen l&#8217;etapa d&#8217;infantil &#8220;a l&#8217;escola del grans&#8221;. Tamb\u00e9 ho \u00e9s pels docents que acollim a tot l&#8217;alumnat despr\u00e9s de l&#8217;estiu, un per\u00edode de vacances llarg i que serveix per a fer altres activitats de lleure i educatives. Doncs avui tamb\u00e9 ho ha estat, ha estat un primer dia d&#8217;escola ben especial. A l&#8217;alumnat se&#8217;ls veia m\u00e9s riallers, contents, il\u00b7lusionats i sobretot amb ganes de con\u00e8ixer a la seva senyoreta nova. Moments \u00fanics que fan que l&#8217;escola sigui un pilar fonamental de la nostra societat i del nostres poble, La Fuliola i Bold\u00fa.<\/p>\n<p>L&#8217;equip docent de l&#8217;Escola Guillem Isarn desitgem que sigui un curs ple d&#8217;emocions i aprenentatges!<\/p>\n<p>Aix\u00ed que anem a veure la primera entrada a l&#8217;escola del curs 2022 &#8211; 2023.<\/p>\n<p><a href=\"https:\/\/photos.app.goo.gl\/AtbhttButWBMCvrZ8\">https:\/\/photos.app.goo.gl\/AtbhttButWBMCvrZ8<\/a><\/p>\n","protected":false},"excerpt":{"rendered":"<p><a href=\"https:\/\/agora.xtec.cat\/escguillemisarn\/wp-content\/uploads\/usu1631\/2022\/09\/dia.jpg\"><\/a><br \/>\nBenvolgudes fam\u00edlies,<br \/>\nEl primer dia d&#8217;escola sempre \u00e9s un dia especial per a tots. Ho \u00e9s per l&#8217;alumnat, per\u00f2 tamb\u00e9 per les fam\u00edlies i sobretot per aquelles que comencen l&#8217;etapa d&#8217;infantil &#8220;a l&#8217;escola del grans&#8221;. Tamb\u00e9 ho \u00e9s pels docents que acollim a tot l&#8217;alumnat&hellip;  <a href=\"https:\/\/agora.xtec.cat\/escguillemisarn\/general\/primer-dia-descola-b-e-n-v-i-n-g-u-t-22-23\/\" title=\"Read Primer dia d&#8217;escola. B E N V I N G U T 22-23 !\">Llegeix m\u00e9s\u00bb<\/a><\/p>\n","protected":false},"author":18,"featured_media":0,"comment_status":"open","ping_status":"closed","sticky":false,"template":"","format":"standard","meta":{"_bbp_topic_count":0,"_bbp_reply_count":0,"_bbp_total_topic_count":0,"_bbp_total_reply_count":0,"_bbp_voice_count":0,"_bbp_anonymous_reply_count":0,"_bbp_topic_count_hidden":0,"_bbp_reply_count_hidden":0,"_bbp_forum_subforum_count":0,"footnotes":""},"categories":[71,72,73,1,2,4,5],"tags":[],"class_list":["post-2400","post","type-post","status-publish","format-standard","hentry","category-ci","category-cm","category-cs","category-general","category-infantil","category-portada","category-primaria"],"post_mailing_queue_ids":[],"_links":{"self":[{"href":"https:\/\/agora.xtec.cat\/escguillemisarn\/wp-json\/wp\/v2\/posts\/2400","targetHints":{"allow":["GET"]}}],"collection":[{"href":"https:\/\/agora.xtec.cat\/escguillemisarn\/wp-json\/wp\/v2\/posts"}],"about":[{"href":"https:\/\/agora.xtec.cat\/escguillemisarn\/wp-json\/wp\/v2\/types\/post"}],"author":[{"embeddable":true,"href":"https:\/\/agora.xtec.cat\/escguillemisarn\/wp-json\/wp\/v2\/users\/18"}],"replies":[{"embeddable":true,"href":"https:\/\/agora.xtec.cat\/escguillemisarn\/wp-json\/wp\/v2\/comments?post=2400"}],"version-history":[{"count":3,"href":"https:\/\/agora.xtec.cat\/escguillemisarn\/wp-json\/wp\/v2\/posts\/2400\/revisions"}],"predecessor-version":[{"id":2404,"href":"https:\/\/agora.xtec.cat\/escguillemisarn\/wp-json\/wp\/v2\/posts\/2400\/revisions\/2404"}],"wp:attachment":[{"href":"https:\/\/agora.xtec.cat\/escguillemisarn\/wp-json\/wp\/v2\/media?parent=2400"}],"wp:term":[{"taxonomy":"category","embeddable":true,"href":"https:\/\/agora.xtec.cat\/escguillemisarn\/wp-json\/wp\/v2\/categories?post=2400"},{"taxonomy":"post_tag","embeddable":true,"href":"https:\/\/agora.xtec.cat\/escguillemisarn\/wp-json\/wp\/v2\/tags?post=2400"}],"curies":[{"name":"wp","href":"https:\/\/api.w.org\/{rel}","templated":true}]}}