{"id":2397,"date":"2022-08-18T17:00:30","date_gmt":"2022-08-18T15:00:30","guid":{"rendered":"https:\/\/agora.xtec.cat\/escguillemisarn\/?p=2397"},"modified":"2022-08-18T17:00:30","modified_gmt":"2022-08-18T15:00:30","slug":"benvingut-2022-2023","status":"publish","type":"post","link":"https:\/\/agora.xtec.cat\/escguillemisarn\/general\/benvingut-2022-2023\/","title":{"rendered":"BENVINGUT 2022 &#8211; 2023 !!!"},"content":{"rendered":"<p style=\"text-align: center;\"><a href=\"https:\/\/agora.xtec.cat\/escguillemisarn\/wp-content\/uploads\/usu1631\/2022\/08\/Tornem.jpg\"><img loading=\"lazy\" decoding=\"async\" class=\"alignnone size-full wp-image-2398\" src=\"https:\/\/agora.xtec.cat\/escguillemisarn\/wp-content\/uploads\/usu1631\/2022\/08\/Tornem.jpg\" alt=\"\" width=\"583\" height=\"289\" srcset=\"https:\/\/agora.xtec.cat\/escguillemisarn\/wp-content\/uploads\/usu1631\/2022\/08\/Tornem.jpg 583w, https:\/\/agora.xtec.cat\/escguillemisarn\/wp-content\/uploads\/usu1631\/2022\/08\/Tornem-300x149.jpg 300w\" sizes=\"auto, (max-width: 583px) 100vw, 583px\" \/><\/a><\/p>\n<p>Benvolguda comunitat educativa de l&#8217;Escola Guillem Isarn,<\/p>\n<p>Sembla que era ahir quan acomiad\u00e0vem el curs 2021-2022 i ens quedava tot l&#8217;estiu per endavant; doncs tot aix\u00f2 ja s&#8217;acaba i tornarem a l&#8217;escola ben aviat.<\/p>\n<p>Recordar-vos que, per primera vegada, aquest curs, els infants inicien l&#8217;escola el dia 5 de setembre. L&#8217;horari del dia 5 fins al 30 de setembre ser\u00e0 el de jornada compactada (de les 9h fins a les 13h). A partir de les 13h, per les fam\u00edlies que el necessitin, hi haur\u00e0 servei de menjador escolar fins a les 15.30h i de les 15.30h fins a les 16.30h per les fam\u00edlies que ho vulguin hi haur\u00e0 les tardes de lleure educatiu que impartiran monitors\/es de l&#8217;empresa Qu\u00e0lia.\u00a0La mesura es pren per reduir el temps de desconnexi\u00f3 dels infants de l\u2019escola, afavorir l\u2019equitat i facilitar la conciliaci\u00f3 familiar.<\/p>\n<p>Durant les tardes de setembre, s&#8217;organitzaran activitats de lleure educatiu fins a cobrir l&#8217;horari habitual. Aquestes activitats seran finan\u00e7ades pel Govern i per tant s\u00f3n gratu\u00eftes per a tots els infants d\u2019escoles p\u00fabliques i concertades. Promouran el treball d\u2019habilitats cognitives, socials i emocionals.<\/p>\n<p>Us desitgem una bona entrada al nou curs escolar i una abra\u00e7ada ben forta, d&#8217;aquelles que apreten, sobretot pels alumnes de I3 que inicien una nova etapa educativa a l&#8217;escola &#8220;dels grans&#8221;.<\/p>\n<p>Un somriure!<\/p>\n","protected":false},"excerpt":{"rendered":"<p><a href=\"https:\/\/agora.xtec.cat\/escguillemisarn\/wp-content\/uploads\/usu1631\/2022\/08\/Tornem.jpg\"><\/a><br \/>\nBenvolguda comunitat educativa de l&#8217;Escola Guillem Isarn,<br \/>\nSembla que era ahir quan acomiad\u00e0vem el curs 2021-2022 i ens quedava tot l&#8217;estiu per endavant; doncs tot aix\u00f2 ja s&#8217;acaba i tornarem a l&#8217;escola ben aviat.<br \/>\nRecordar-vos que, per primera vegada, aquest curs, els infants inicien l&#8217;escola el&hellip;  <a href=\"https:\/\/agora.xtec.cat\/escguillemisarn\/general\/benvingut-2022-2023\/\" title=\"Read BENVINGUT 2022 &#8211; 2023 !!!\">Llegeix m\u00e9s\u00bb<\/a><\/p>\n","protected":false},"author":1,"featured_media":0,"comment_status":"open","ping_status":"closed","sticky":false,"template":"","format":"standard","meta":{"_bbp_topic_count":0,"_bbp_reply_count":0,"_bbp_total_topic_count":0,"_bbp_total_reply_count":0,"_bbp_voice_count":0,"_bbp_anonymous_reply_count":0,"_bbp_topic_count_hidden":0,"_bbp_reply_count_hidden":0,"_bbp_forum_subforum_count":0,"footnotes":""},"categories":[71,72,73,1,2,4,5],"tags":[],"class_list":["post-2397","post","type-post","status-publish","format-standard","hentry","category-ci","category-cm","category-cs","category-general","category-infantil","category-portada","category-primaria"],"post_mailing_queue_ids":[],"_links":{"self":[{"href":"https:\/\/agora.xtec.cat\/escguillemisarn\/wp-json\/wp\/v2\/posts\/2397","targetHints":{"allow":["GET"]}}],"collection":[{"href":"https:\/\/agora.xtec.cat\/escguillemisarn\/wp-json\/wp\/v2\/posts"}],"about":[{"href":"https:\/\/agora.xtec.cat\/escguillemisarn\/wp-json\/wp\/v2\/types\/post"}],"author":[{"embeddable":true,"href":"https:\/\/agora.xtec.cat\/escguillemisarn\/wp-json\/wp\/v2\/users\/1"}],"replies":[{"embeddable":true,"href":"https:\/\/agora.xtec.cat\/escguillemisarn\/wp-json\/wp\/v2\/comments?post=2397"}],"version-history":[{"count":1,"href":"https:\/\/agora.xtec.cat\/escguillemisarn\/wp-json\/wp\/v2\/posts\/2397\/revisions"}],"predecessor-version":[{"id":2399,"href":"https:\/\/agora.xtec.cat\/escguillemisarn\/wp-json\/wp\/v2\/posts\/2397\/revisions\/2399"}],"wp:attachment":[{"href":"https:\/\/agora.xtec.cat\/escguillemisarn\/wp-json\/wp\/v2\/media?parent=2397"}],"wp:term":[{"taxonomy":"category","embeddable":true,"href":"https:\/\/agora.xtec.cat\/escguillemisarn\/wp-json\/wp\/v2\/categories?post=2397"},{"taxonomy":"post_tag","embeddable":true,"href":"https:\/\/agora.xtec.cat\/escguillemisarn\/wp-json\/wp\/v2\/tags?post=2397"}],"curies":[{"name":"wp","href":"https:\/\/api.w.org\/{rel}","templated":true}]}}