{"id":2377,"date":"2022-06-22T10:51:49","date_gmt":"2022-06-22T08:51:49","guid":{"rendered":"https:\/\/agora.xtec.cat\/escguillemisarn\/?p=2377"},"modified":"2022-06-22T10:51:49","modified_gmt":"2022-06-22T08:51:49","slug":"emocions-a-flor-de-pell-en-lultim-dia-de-curs","status":"publish","type":"post","link":"https:\/\/agora.xtec.cat\/escguillemisarn\/general\/emocions-a-flor-de-pell-en-lultim-dia-de-curs\/","title":{"rendered":"Emocions a flor de pell en l&#8217;\u00faltim dia de curs!"},"content":{"rendered":"<p><a href=\"https:\/\/agora.xtec.cat\/escguillemisarn\/wp-content\/uploads\/usu1631\/2022\/06\/VACANCES.png\"><img loading=\"lazy\" decoding=\"async\" class=\"wp-image-2378 alignleft\" src=\"https:\/\/agora.xtec.cat\/escguillemisarn\/wp-content\/uploads\/usu1631\/2022\/06\/VACANCES.png\" alt=\"\" width=\"302\" height=\"151\" srcset=\"https:\/\/agora.xtec.cat\/escguillemisarn\/wp-content\/uploads\/usu1631\/2022\/06\/VACANCES.png 997w, https:\/\/agora.xtec.cat\/escguillemisarn\/wp-content\/uploads\/usu1631\/2022\/06\/VACANCES-300x150.png 300w, https:\/\/agora.xtec.cat\/escguillemisarn\/wp-content\/uploads\/usu1631\/2022\/06\/VACANCES-768x384.png 768w\" sizes=\"auto, (max-width: 302px) 100vw, 302px\" \/><\/a>Sembla que era ahir quan comen\u00e7\u00e0vem un curs escolar nou, amb noves normatives respecte la pand\u00e8mia que ha marcat els ritmes a les aules i les organitzacions, per\u00f2 gr\u00e0cies a l&#8217;esfor\u00e7 de tothom, fam\u00edlies, docents i comunitat educativa en general, s&#8217;ha acabat un curs amb nota!<\/p>\n<p>Avui hem concl\u00f2s el curs 2021-2022, amb una primera part del dia repl\u00e8 d&#8217;actes molt emotius i actuacions dels infants de l&#8217;escola. Les nenes de I3 han obsequiat als infants que marxen a l&#8217;institut amb un detall molt bonic, i aix\u00f2 ha estat correspost per l&#8217;alumnat de 6\u00e8 que tamb\u00e9 han regalat un detall a les alumnes d&#8217;I3. Hem continuat amb actuacions musicals i coreogr\u00e0fiques de tot el treball que s&#8217;ha fet durant el curs a l&#8217;\u00e0rea de m\u00fasica. I, finalment, encara hi ha hagut temps per tornar a cantar la can\u00e7\u00f3 versionada del m\u00edtic grup U2 titulada &#8220;Gr\u00e0cies Joan&#8221; en motiu de la jubilaci\u00f3 del director de l&#8217;escola, durant 26 anys i m\u00e9s de 30 impartint classe a l&#8217;Escola Guillem Isarn. Com no podia ser d&#8217;una altra manera, al final, l&#8217;alumnat i el Joan s&#8217;han fos amb una gran abra\u00e7ada!<\/p>\n<p>Seguidament hem pogut menjar un gelat a l&#8217;hora de l&#8217;esbarjo per anar refrescant la segona part del dia: la gran remullada final. La comissi\u00f3 del tercer trimestre ens ha preparat un munt de jocs d&#8217;aigua i hem pogut gaudir dels jocs i de la fresqueta, que tant ens conv\u00e9 en aquesta \u00e8poca de l&#8217;any amb tanta calor.<\/p>\n<p>Si voleu veure algunes imatges, us les deixem aqu\u00ed:\u00a0<a href=\"https:\/\/photos.app.goo.gl\/zXkpCJJnWYBxoHfd8\">https:\/\/photos.app.goo.gl\/zXkpCJJnWYBxoHfd8<\/a><\/p>\n<p>&nbsp;<\/p>\n<p>&nbsp;<\/p>\n","protected":false},"excerpt":{"rendered":"<p><a href=\"https:\/\/agora.xtec.cat\/escguillemisarn\/wp-content\/uploads\/usu1631\/2022\/06\/VACANCES.png\"><\/a>Sembla que era ahir quan comen\u00e7\u00e0vem un curs escolar nou, amb noves normatives respecte la pand\u00e8mia que ha marcat els ritmes a les aules i les organitzacions, per\u00f2 gr\u00e0cies a l&#8217;esfor\u00e7 de tothom, fam\u00edlies, docents i comunitat educativa en general, s&#8217;ha acabat un curs&hellip;  <a href=\"https:\/\/agora.xtec.cat\/escguillemisarn\/general\/emocions-a-flor-de-pell-en-lultim-dia-de-curs\/\" title=\"Read Emocions a flor de pell en l&#8217;\u00faltim dia de curs!\">Llegeix m\u00e9s\u00bb<\/a><\/p>\n","protected":false},"author":18,"featured_media":0,"comment_status":"open","ping_status":"closed","sticky":false,"template":"","format":"standard","meta":{"_bbp_topic_count":0,"_bbp_reply_count":0,"_bbp_total_topic_count":0,"_bbp_total_reply_count":0,"_bbp_voice_count":0,"_bbp_anonymous_reply_count":0,"_bbp_topic_count_hidden":0,"_bbp_reply_count_hidden":0,"_bbp_forum_subforum_count":0,"footnotes":""},"categories":[71,72,73,1,2,4,5],"tags":[],"class_list":["post-2377","post","type-post","status-publish","format-standard","hentry","category-ci","category-cm","category-cs","category-general","category-infantil","category-portada","category-primaria"],"post_mailing_queue_ids":[],"_links":{"self":[{"href":"https:\/\/agora.xtec.cat\/escguillemisarn\/wp-json\/wp\/v2\/posts\/2377","targetHints":{"allow":["GET"]}}],"collection":[{"href":"https:\/\/agora.xtec.cat\/escguillemisarn\/wp-json\/wp\/v2\/posts"}],"about":[{"href":"https:\/\/agora.xtec.cat\/escguillemisarn\/wp-json\/wp\/v2\/types\/post"}],"author":[{"embeddable":true,"href":"https:\/\/agora.xtec.cat\/escguillemisarn\/wp-json\/wp\/v2\/users\/18"}],"replies":[{"embeddable":true,"href":"https:\/\/agora.xtec.cat\/escguillemisarn\/wp-json\/wp\/v2\/comments?post=2377"}],"version-history":[{"count":1,"href":"https:\/\/agora.xtec.cat\/escguillemisarn\/wp-json\/wp\/v2\/posts\/2377\/revisions"}],"predecessor-version":[{"id":2379,"href":"https:\/\/agora.xtec.cat\/escguillemisarn\/wp-json\/wp\/v2\/posts\/2377\/revisions\/2379"}],"wp:attachment":[{"href":"https:\/\/agora.xtec.cat\/escguillemisarn\/wp-json\/wp\/v2\/media?parent=2377"}],"wp:term":[{"taxonomy":"category","embeddable":true,"href":"https:\/\/agora.xtec.cat\/escguillemisarn\/wp-json\/wp\/v2\/categories?post=2377"},{"taxonomy":"post_tag","embeddable":true,"href":"https:\/\/agora.xtec.cat\/escguillemisarn\/wp-json\/wp\/v2\/tags?post=2377"}],"curies":[{"name":"wp","href":"https:\/\/api.w.org\/{rel}","templated":true}]}}