{"id":2374,"date":"2022-06-21T13:46:33","date_gmt":"2022-06-21T11:46:33","guid":{"rendered":"https:\/\/agora.xtec.cat\/escguillemisarn\/?p=2374"},"modified":"2022-06-21T13:46:33","modified_gmt":"2022-06-21T11:46:33","slug":"histories-de-quart","status":"publish","type":"post","link":"https:\/\/agora.xtec.cat\/escguillemisarn\/general\/histories-de-quart\/","title":{"rendered":"HIST\u00d2RIES DE QUART"},"content":{"rendered":"<p>Hola fam\u00edlies. Som els nois i noies de quart. Us volem ensenyar uns contes que hem escrit a l&#8217;hora d&#8217;expressi\u00f3 escrita a classe. Hem dedicat moltes hores i hem apr\u00e8s moltes coses per fer contes. Hi hem afegit descripcions, localitzacions &#8230;<\/p>\n<p>Hem anat a diferents cursos a llegir-los-hi i ho han disfrutat molt com nosaltres, tot i que hem passat una mica de vergonya. Per\u00f2, ho hem SUPERAT!!<\/p>\n<p>Esperem que us agradi. Els hem fet amb molt &#8220;carinyo&#8221;.<\/p>\n<p>Aqu\u00ed us els adjuntem per a disfrutar llegint-los.<\/p>\n<div style=\"width: 1414px;\" class=\"wp-video\"><!--[if lt IE 9]><script>document.createElement('video');<\/script><![endif]-->\n<video class=\"wp-video-shortcode\" id=\"video-2374-1\" width=\"1414\" height=\"2000\" preload=\"metadata\" controls=\"controls\"><source type=\"video\/mp4\" src=\"https:\/\/agora.xtec.cat\/escguillemisarn\/wp-content\/uploads\/usu1631\/2022\/06\/Contes-quart.mp4?_=1\" \/><a href=\"https:\/\/agora.xtec.cat\/escguillemisarn\/wp-content\/uploads\/usu1631\/2022\/06\/Contes-quart.mp4\">https:\/\/agora.xtec.cat\/escguillemisarn\/wp-content\/uploads\/usu1631\/2022\/06\/Contes-quart.mp4<\/a><\/video><\/div>\n<p>Gr\u00e0cies<\/p>\n<p>Aina, Ainhoa i Roc\u00edo (alumnes de 4t)<\/p>\n","protected":false},"excerpt":{"rendered":"<p>Hola fam\u00edlies. Som els nois i noies de quart. Us volem ensenyar uns contes que hem escrit a l&#8217;hora d&#8217;expressi\u00f3 escrita a classe. Hem dedicat moltes hores i hem apr\u00e8s moltes coses per fer contes. Hi hem afegit descripcions, localitzacions &#8230;<br \/>\nHem anat a diferents cursos&hellip;  <a href=\"https:\/\/agora.xtec.cat\/escguillemisarn\/general\/histories-de-quart\/\" title=\"Read HIST\u00d2RIES DE QUART\">Llegeix m\u00e9s\u00bb<\/a><\/p>\n","protected":false},"author":11,"featured_media":0,"comment_status":"open","ping_status":"closed","sticky":false,"template":"","format":"standard","meta":{"_bbp_topic_count":0,"_bbp_reply_count":0,"_bbp_total_topic_count":0,"_bbp_total_reply_count":0,"_bbp_voice_count":0,"_bbp_anonymous_reply_count":0,"_bbp_topic_count_hidden":0,"_bbp_reply_count_hidden":0,"_bbp_forum_subforum_count":0,"footnotes":""},"categories":[72,79,1,4,5],"tags":[],"class_list":["post-2374","post","type-post","status-publish","format-standard","hentry","category-cm","category-foment-de-la-lectura","category-general","category-portada","category-primaria"],"post_mailing_queue_ids":[],"_links":{"self":[{"href":"https:\/\/agora.xtec.cat\/escguillemisarn\/wp-json\/wp\/v2\/posts\/2374","targetHints":{"allow":["GET"]}}],"collection":[{"href":"https:\/\/agora.xtec.cat\/escguillemisarn\/wp-json\/wp\/v2\/posts"}],"about":[{"href":"https:\/\/agora.xtec.cat\/escguillemisarn\/wp-json\/wp\/v2\/types\/post"}],"author":[{"embeddable":true,"href":"https:\/\/agora.xtec.cat\/escguillemisarn\/wp-json\/wp\/v2\/users\/11"}],"replies":[{"embeddable":true,"href":"https:\/\/agora.xtec.cat\/escguillemisarn\/wp-json\/wp\/v2\/comments?post=2374"}],"version-history":[{"count":1,"href":"https:\/\/agora.xtec.cat\/escguillemisarn\/wp-json\/wp\/v2\/posts\/2374\/revisions"}],"predecessor-version":[{"id":2376,"href":"https:\/\/agora.xtec.cat\/escguillemisarn\/wp-json\/wp\/v2\/posts\/2374\/revisions\/2376"}],"wp:attachment":[{"href":"https:\/\/agora.xtec.cat\/escguillemisarn\/wp-json\/wp\/v2\/media?parent=2374"}],"wp:term":[{"taxonomy":"category","embeddable":true,"href":"https:\/\/agora.xtec.cat\/escguillemisarn\/wp-json\/wp\/v2\/categories?post=2374"},{"taxonomy":"post_tag","embeddable":true,"href":"https:\/\/agora.xtec.cat\/escguillemisarn\/wp-json\/wp\/v2\/tags?post=2374"}],"curies":[{"name":"wp","href":"https:\/\/api.w.org\/{rel}","templated":true}]}}