{"id":2360,"date":"2022-06-16T22:14:56","date_gmt":"2022-06-16T20:14:56","guid":{"rendered":"https:\/\/agora.xtec.cat\/escguillemisarn\/?p=2360"},"modified":"2022-06-16T22:14:56","modified_gmt":"2022-06-16T20:14:56","slug":"la-placa-que-ens-imaginem-cicle-mitja","status":"publish","type":"post","link":"https:\/\/agora.xtec.cat\/escguillemisarn\/general\/la-placa-que-ens-imaginem-cicle-mitja\/","title":{"rendered":"LA PLA\u00c7A QUE ENS IMAGINEM &#8211; Cicle Mitj\u00e0"},"content":{"rendered":"<p>Us mostrem l&#8217;\u00faltima activitat que acaba amb el projecte &#8220;Apadrinem les nostres places&#8221;.<\/p>\n<p>Hem creat una maqueta de la pla\u00e7a amb materials reciclats!!<\/p>\n<p>En primer lloc, hem hagut de fer els c\u00e0lculs per poder reduir a escala 1:25 la pla\u00e7a de l&#8217;esgl\u00e9sia. Amb un cartr\u00f3 molt gran hem fet la base. Hem dividit la pla\u00e7a amb quatre parts i per grups ens les hem distribu\u00efdes. Hem pensat i planificat tot all\u00f2 que voldr\u00edem que tingu\u00e9s la nostra pla\u00e7a i en les fotos veureu\u00a0 el resultat. Ens ha encantat fer-la i les mestres ens han felicitat pel bon treball en equip que hem fet.<\/p>\n<p><a href=\"https:\/\/photos.app.goo.gl\/8GUcozgfTxRNbDaJ7\">https:\/\/photos.app.goo.gl\/8GUcozgfTxRNbDaJ7<\/a><\/p>\n<p>&nbsp;<\/p>\n<p>&nbsp;<\/p>\n","protected":false},"excerpt":{"rendered":"<p>Us mostrem l&#8217;\u00faltima activitat que acaba amb el projecte &#8220;Apadrinem les nostres places&#8221;.<br \/>\nHem creat una maqueta de la pla\u00e7a amb materials reciclats!!<br \/>\nEn primer lloc, hem hagut de fer els c\u00e0lculs per poder reduir a escala 1:25 la pla\u00e7a de l&#8217;esgl\u00e9sia. Amb un cartr\u00f3 molt gran&hellip;  <a href=\"https:\/\/agora.xtec.cat\/escguillemisarn\/general\/la-placa-que-ens-imaginem-cicle-mitja\/\" title=\"Read LA PLA\u00c7A QUE ENS IMAGINEM &#8211; Cicle Mitj\u00e0\">Llegeix m\u00e9s\u00bb<\/a><\/p>\n","protected":false},"author":11,"featured_media":2363,"comment_status":"open","ping_status":"closed","sticky":false,"template":"","format":"standard","meta":{"_bbp_topic_count":0,"_bbp_reply_count":0,"_bbp_total_topic_count":0,"_bbp_total_reply_count":0,"_bbp_voice_count":0,"_bbp_anonymous_reply_count":0,"_bbp_topic_count_hidden":0,"_bbp_reply_count_hidden":0,"_bbp_forum_subforum_count":0,"footnotes":""},"categories":[72,77,1,4,5],"tags":[],"class_list":["post-2360","post","type-post","status-publish","format-standard","has-post-thumbnail","hentry","category-cm","category-escola-verda","category-general","category-portada","category-primaria"],"post_mailing_queue_ids":[],"_links":{"self":[{"href":"https:\/\/agora.xtec.cat\/escguillemisarn\/wp-json\/wp\/v2\/posts\/2360","targetHints":{"allow":["GET"]}}],"collection":[{"href":"https:\/\/agora.xtec.cat\/escguillemisarn\/wp-json\/wp\/v2\/posts"}],"about":[{"href":"https:\/\/agora.xtec.cat\/escguillemisarn\/wp-json\/wp\/v2\/types\/post"}],"author":[{"embeddable":true,"href":"https:\/\/agora.xtec.cat\/escguillemisarn\/wp-json\/wp\/v2\/users\/11"}],"replies":[{"embeddable":true,"href":"https:\/\/agora.xtec.cat\/escguillemisarn\/wp-json\/wp\/v2\/comments?post=2360"}],"version-history":[{"count":2,"href":"https:\/\/agora.xtec.cat\/escguillemisarn\/wp-json\/wp\/v2\/posts\/2360\/revisions"}],"predecessor-version":[{"id":2362,"href":"https:\/\/agora.xtec.cat\/escguillemisarn\/wp-json\/wp\/v2\/posts\/2360\/revisions\/2362"}],"wp:featuredmedia":[{"embeddable":true,"href":"https:\/\/agora.xtec.cat\/escguillemisarn\/wp-json\/wp\/v2\/media\/2363"}],"wp:attachment":[{"href":"https:\/\/agora.xtec.cat\/escguillemisarn\/wp-json\/wp\/v2\/media?parent=2360"}],"wp:term":[{"taxonomy":"category","embeddable":true,"href":"https:\/\/agora.xtec.cat\/escguillemisarn\/wp-json\/wp\/v2\/categories?post=2360"},{"taxonomy":"post_tag","embeddable":true,"href":"https:\/\/agora.xtec.cat\/escguillemisarn\/wp-json\/wp\/v2\/tags?post=2360"}],"curies":[{"name":"wp","href":"https:\/\/api.w.org\/{rel}","templated":true}]}}