{"id":2344,"date":"2022-06-09T21:43:24","date_gmt":"2022-06-09T19:43:24","guid":{"rendered":"https:\/\/agora.xtec.cat\/escguillemisarn\/?p=2344"},"modified":"2022-06-09T21:43:24","modified_gmt":"2022-06-09T19:43:24","slug":"a-ci-som-uns-superherois-l-el-pedro-tambe-nes-un","status":"publish","type":"post","link":"https:\/\/agora.xtec.cat\/escguillemisarn\/general\/a-ci-som-uns-superherois-l-el-pedro-tambe-nes-un\/","title":{"rendered":"A CI SOM UNS SUPERHEROIS!! l el Pedro tamb\u00e9 n&#8217;\u00e9s un!"},"content":{"rendered":"<p>L&#8217;alumnat de Cicle Inicial hem participat en un projecte per la prevenci\u00f3 de l&#8217;ictus. Aquest projecte s&#8217;anomena Herois r\u00e0pid de Catalunya. \u00c9s un projecte de conscienciaci\u00f3 sobre els s\u00edmptomes de l&#8217;ictus i qu\u00e8 hem de fer en cas que es detecti algun d&#8217;aquests s\u00edmptomes. Els nens i nenes amb l&#8217;ajuda del Dani, i els seus avis, el Robert, l&#8217;Arnau i la Paquita han apr\u00e8s moltes coses sob<a href=\"https:\/\/agora.xtec.cat\/escguillemisarn\/wp-content\/uploads\/usu1631\/2022\/06\/fAST.jpg\"><img loading=\"lazy\" decoding=\"async\" class=\"size-full wp-image-2345 alignright\" src=\"https:\/\/agora.xtec.cat\/escguillemisarn\/wp-content\/uploads\/usu1631\/2022\/06\/fAST.jpg\" alt=\"\" width=\"300\" height=\"168\" \/><\/a>re l&#8217;ictus.<\/p>\n<p>Per\u00f2 el que m\u00e9s ens ha agradat, ha estat la visita del pare del David de la classe de segon, el Pedro. El Pedro fa uns anys va patir un ictus i ens va venir a explicar la seva viv\u00e8ncia. Vam estar molt atents a tot el que ens va explicar i li vam fer moltes preguntes.<\/p>\n<p>Podeu veure les fotos al seg\u00fcent enlla\u00e7.<\/p>\n<p><a href=\"https:\/\/photos.app.goo.gl\/691iB6SsStyeNtJu6\">https:\/\/photos.app.goo.gl\/691iB6SsStyeNtJu6<\/a><\/p>\n<p>&nbsp;<\/p>\n<p>&nbsp;<\/p>\n<p>&nbsp;<\/p>\n","protected":false},"excerpt":{"rendered":"<p>L&#8217;alumnat de Cicle Inicial hem participat en un projecte per la prevenci\u00f3 de l&#8217;ictus. Aquest projecte s&#8217;anomena Herois r\u00e0pid de Catalunya. \u00c9s un projecte de conscienciaci\u00f3 sobre els s\u00edmptomes de l&#8217;ictus i qu\u00e8 hem de fer en cas que es detecti algun d&#8217;aquests s\u00edmptomes. Els&hellip;  <a href=\"https:\/\/agora.xtec.cat\/escguillemisarn\/general\/a-ci-som-uns-superherois-l-el-pedro-tambe-nes-un\/\" title=\"Read A CI SOM UNS SUPERHEROIS!! l el Pedro tamb\u00e9 n&#8217;\u00e9s un!\">Llegeix m\u00e9s\u00bb<\/a><\/p>\n","protected":false},"author":1,"featured_media":0,"comment_status":"open","ping_status":"closed","sticky":false,"template":"","format":"standard","meta":{"_bbp_topic_count":0,"_bbp_reply_count":0,"_bbp_total_topic_count":0,"_bbp_total_reply_count":0,"_bbp_voice_count":0,"_bbp_anonymous_reply_count":0,"_bbp_topic_count_hidden":0,"_bbp_reply_count_hidden":0,"_bbp_forum_subforum_count":0,"footnotes":""},"categories":[71,1,4,5],"tags":[],"class_list":["post-2344","post","type-post","status-publish","format-standard","hentry","category-ci","category-general","category-portada","category-primaria"],"post_mailing_queue_ids":[],"_links":{"self":[{"href":"https:\/\/agora.xtec.cat\/escguillemisarn\/wp-json\/wp\/v2\/posts\/2344","targetHints":{"allow":["GET"]}}],"collection":[{"href":"https:\/\/agora.xtec.cat\/escguillemisarn\/wp-json\/wp\/v2\/posts"}],"about":[{"href":"https:\/\/agora.xtec.cat\/escguillemisarn\/wp-json\/wp\/v2\/types\/post"}],"author":[{"embeddable":true,"href":"https:\/\/agora.xtec.cat\/escguillemisarn\/wp-json\/wp\/v2\/users\/1"}],"replies":[{"embeddable":true,"href":"https:\/\/agora.xtec.cat\/escguillemisarn\/wp-json\/wp\/v2\/comments?post=2344"}],"version-history":[{"count":1,"href":"https:\/\/agora.xtec.cat\/escguillemisarn\/wp-json\/wp\/v2\/posts\/2344\/revisions"}],"predecessor-version":[{"id":2346,"href":"https:\/\/agora.xtec.cat\/escguillemisarn\/wp-json\/wp\/v2\/posts\/2344\/revisions\/2346"}],"wp:attachment":[{"href":"https:\/\/agora.xtec.cat\/escguillemisarn\/wp-json\/wp\/v2\/media?parent=2344"}],"wp:term":[{"taxonomy":"category","embeddable":true,"href":"https:\/\/agora.xtec.cat\/escguillemisarn\/wp-json\/wp\/v2\/categories?post=2344"},{"taxonomy":"post_tag","embeddable":true,"href":"https:\/\/agora.xtec.cat\/escguillemisarn\/wp-json\/wp\/v2\/tags?post=2344"}],"curies":[{"name":"wp","href":"https:\/\/api.w.org\/{rel}","templated":true}]}}