{"id":2338,"date":"2022-06-09T17:37:51","date_gmt":"2022-06-09T15:37:51","guid":{"rendered":"https:\/\/agora.xtec.cat\/escguillemisarn\/?p=2338"},"modified":"2022-06-09T17:37:51","modified_gmt":"2022-06-09T15:37:51","slug":"el-fil-de-la-vida-a-ei5","status":"publish","type":"post","link":"https:\/\/agora.xtec.cat\/escguillemisarn\/general\/el-fil-de-la-vida-a-ei5\/","title":{"rendered":"EL FIL DE LA VIDA A EI5"},"content":{"rendered":"<p>Els nens i les nenes d&#8217;EI 5 han continuat com l&#8217;any passat realizant &#8220;El Fil de la Vida&#8221;, han portat tres fotos del que m\u00e9s els agrada fer, alguns ens han ensenyat les seves mascotes, altres\u00a0 han anat d&#8217;excursi\u00f3\u00a0 a la platja, tocant la neu o b\u00e9 a la muntanya, d&#8217;altres al cine o al parc&#8230;. ens\u00a0 han compartit viv\u00e8nvies i experi\u00e8ncies que ens han ajudat a con\u00e8ixer-nos i enriquir-nos a tots i totes.<\/p>\n<p>Gr\u00e0cies a les fam\u00edlies per la vostra col.laboraci\u00f3 en aquesta tasca.<\/p>\n<p>Aqu\u00ed us deixem un recull\u00a0 de les fotos de l&#8217;activitat del &#8220;Fil de la vida&#8221;<a href=\"https:\/\/agora.xtec.cat\/escguillemisarn\/wp-content\/uploads\/usu1631\/2022\/06\/el-fil-de-la-vida-scaled.jpg\"><img loading=\"lazy\" decoding=\"async\" class=\"aligncenter  wp-image-2339\" src=\"https:\/\/agora.xtec.cat\/escguillemisarn\/wp-content\/uploads\/usu1631\/2022\/06\/el-fil-de-la-vida-1024x797.jpg\" alt=\"\" width=\"226\" height=\"176\" srcset=\"https:\/\/agora.xtec.cat\/escguillemisarn\/wp-content\/uploads\/usu1631\/2022\/06\/el-fil-de-la-vida-1024x797.jpg 1024w, https:\/\/agora.xtec.cat\/escguillemisarn\/wp-content\/uploads\/usu1631\/2022\/06\/el-fil-de-la-vida-300x233.jpg 300w, https:\/\/agora.xtec.cat\/escguillemisarn\/wp-content\/uploads\/usu1631\/2022\/06\/el-fil-de-la-vida-768x597.jpg 768w, https:\/\/agora.xtec.cat\/escguillemisarn\/wp-content\/uploads\/usu1631\/2022\/06\/el-fil-de-la-vida-1536x1195.jpg 1536w, https:\/\/agora.xtec.cat\/escguillemisarn\/wp-content\/uploads\/usu1631\/2022\/06\/el-fil-de-la-vida-2048x1593.jpg 2048w\" sizes=\"auto, (max-width: 226px) 100vw, 226px\" \/><\/a><\/p>\n<p><a href=\"https:\/\/photos.app.goo.gl\/wwrzXKYDY7CAxxRq9\">https:\/\/photos.app.goo.gl\/wwrzXKYDY7CAxxRq9<\/a><\/p>\n<p>&nbsp;<\/p>\n<p>&nbsp;<\/p>\n<p>&nbsp;<\/p>\n","protected":false},"excerpt":{"rendered":"<p>Els nens i les nenes d&#8217;EI 5 han continuat com l&#8217;any passat realizant &#8220;El Fil de la Vida&#8221;, han portat tres fotos del que m\u00e9s els agrada fer, alguns ens han ensenyat les seves mascotes, altres\u00a0 han anat d&#8217;excursi\u00f3\u00a0 a la platja, tocant la neu&hellip;  <a href=\"https:\/\/agora.xtec.cat\/escguillemisarn\/general\/el-fil-de-la-vida-a-ei5\/\" title=\"Read EL FIL DE LA VIDA A EI5\">Llegeix m\u00e9s\u00bb<\/a><\/p>\n","protected":false},"author":20,"featured_media":0,"comment_status":"open","ping_status":"closed","sticky":false,"template":"","format":"standard","meta":{"_bbp_topic_count":0,"_bbp_reply_count":0,"_bbp_total_topic_count":0,"_bbp_total_reply_count":0,"_bbp_voice_count":0,"_bbp_anonymous_reply_count":0,"_bbp_topic_count_hidden":0,"_bbp_reply_count_hidden":0,"_bbp_forum_subforum_count":0,"footnotes":""},"categories":[1,2,4],"tags":[],"class_list":["post-2338","post","type-post","status-publish","format-standard","hentry","category-general","category-infantil","category-portada"],"post_mailing_queue_ids":[],"_links":{"self":[{"href":"https:\/\/agora.xtec.cat\/escguillemisarn\/wp-json\/wp\/v2\/posts\/2338","targetHints":{"allow":["GET"]}}],"collection":[{"href":"https:\/\/agora.xtec.cat\/escguillemisarn\/wp-json\/wp\/v2\/posts"}],"about":[{"href":"https:\/\/agora.xtec.cat\/escguillemisarn\/wp-json\/wp\/v2\/types\/post"}],"author":[{"embeddable":true,"href":"https:\/\/agora.xtec.cat\/escguillemisarn\/wp-json\/wp\/v2\/users\/20"}],"replies":[{"embeddable":true,"href":"https:\/\/agora.xtec.cat\/escguillemisarn\/wp-json\/wp\/v2\/comments?post=2338"}],"version-history":[{"count":2,"href":"https:\/\/agora.xtec.cat\/escguillemisarn\/wp-json\/wp\/v2\/posts\/2338\/revisions"}],"predecessor-version":[{"id":2341,"href":"https:\/\/agora.xtec.cat\/escguillemisarn\/wp-json\/wp\/v2\/posts\/2338\/revisions\/2341"}],"wp:attachment":[{"href":"https:\/\/agora.xtec.cat\/escguillemisarn\/wp-json\/wp\/v2\/media?parent=2338"}],"wp:term":[{"taxonomy":"category","embeddable":true,"href":"https:\/\/agora.xtec.cat\/escguillemisarn\/wp-json\/wp\/v2\/categories?post=2338"},{"taxonomy":"post_tag","embeddable":true,"href":"https:\/\/agora.xtec.cat\/escguillemisarn\/wp-json\/wp\/v2\/tags?post=2338"}],"curies":[{"name":"wp","href":"https:\/\/api.w.org\/{rel}","templated":true}]}}