{"id":2326,"date":"2022-06-03T17:52:09","date_gmt":"2022-06-03T15:52:09","guid":{"rendered":"https:\/\/agora.xtec.cat\/escguillemisarn\/?p=2326"},"modified":"2022-06-03T17:52:09","modified_gmt":"2022-06-03T15:52:09","slug":"amb-mirada-matematica-cicle-mitja","status":"publish","type":"post","link":"https:\/\/agora.xtec.cat\/escguillemisarn\/general\/amb-mirada-matematica-cicle-mitja\/","title":{"rendered":"AMB MIRADA MATEM\u00c0TICA &#8211; Cicle Mitj\u00e0"},"content":{"rendered":"<p>Despr\u00e9s de treballar els pol\u00edgons i les unitats longitud, ha arribat el moment de posar-ho en pr\u00e0ctica fent un treball de camp. Hem debatut quina forma poligonal t\u00e9 la pla\u00e7a de l\u2019esgl\u00e9sia i ho hem comprovat in situ. Un cop vist que t\u00e9 forma de pent\u00e0gon, hem fet l\u2019esb\u00f3s de la pla\u00e7a i hem procedit a mesurar els costats amb un hod\u00f2metre.<\/p>\n<p><a href=\"https:\/\/photos.app.goo.gl\/ap5KKRoXoNbXbtFZ8\">https:\/\/photos.app.goo.gl\/ap5KKRoXoNbXbtFZ8<\/a><\/p>\n","protected":false},"excerpt":{"rendered":"<p>Despr\u00e9s de treballar els pol\u00edgons i les unitats longitud, ha arribat el moment de posar-ho en pr\u00e0ctica fent un treball de camp. Hem debatut quina forma poligonal t\u00e9 la pla\u00e7a de l\u2019esgl\u00e9sia i ho hem comprovat in situ. Un cop vist que t\u00e9 forma de&hellip;  <a href=\"https:\/\/agora.xtec.cat\/escguillemisarn\/general\/amb-mirada-matematica-cicle-mitja\/\" title=\"Read AMB MIRADA MATEM\u00c0TICA &#8211; Cicle Mitj\u00e0\">Llegeix m\u00e9s\u00bb<\/a><\/p>\n","protected":false},"author":11,"featured_media":2328,"comment_status":"open","ping_status":"closed","sticky":false,"template":"","format":"standard","meta":{"_bbp_topic_count":0,"_bbp_reply_count":0,"_bbp_total_topic_count":0,"_bbp_total_reply_count":0,"_bbp_voice_count":0,"_bbp_anonymous_reply_count":0,"_bbp_topic_count_hidden":0,"_bbp_reply_count_hidden":0,"_bbp_forum_subforum_count":0,"footnotes":""},"categories":[72,1,4,5],"tags":[],"class_list":["post-2326","post","type-post","status-publish","format-standard","has-post-thumbnail","hentry","category-cm","category-general","category-portada","category-primaria"],"post_mailing_queue_ids":[],"_links":{"self":[{"href":"https:\/\/agora.xtec.cat\/escguillemisarn\/wp-json\/wp\/v2\/posts\/2326","targetHints":{"allow":["GET"]}}],"collection":[{"href":"https:\/\/agora.xtec.cat\/escguillemisarn\/wp-json\/wp\/v2\/posts"}],"about":[{"href":"https:\/\/agora.xtec.cat\/escguillemisarn\/wp-json\/wp\/v2\/types\/post"}],"author":[{"embeddable":true,"href":"https:\/\/agora.xtec.cat\/escguillemisarn\/wp-json\/wp\/v2\/users\/11"}],"replies":[{"embeddable":true,"href":"https:\/\/agora.xtec.cat\/escguillemisarn\/wp-json\/wp\/v2\/comments?post=2326"}],"version-history":[{"count":1,"href":"https:\/\/agora.xtec.cat\/escguillemisarn\/wp-json\/wp\/v2\/posts\/2326\/revisions"}],"predecessor-version":[{"id":2327,"href":"https:\/\/agora.xtec.cat\/escguillemisarn\/wp-json\/wp\/v2\/posts\/2326\/revisions\/2327"}],"wp:featuredmedia":[{"embeddable":true,"href":"https:\/\/agora.xtec.cat\/escguillemisarn\/wp-json\/wp\/v2\/media\/2328"}],"wp:attachment":[{"href":"https:\/\/agora.xtec.cat\/escguillemisarn\/wp-json\/wp\/v2\/media?parent=2326"}],"wp:term":[{"taxonomy":"category","embeddable":true,"href":"https:\/\/agora.xtec.cat\/escguillemisarn\/wp-json\/wp\/v2\/categories?post=2326"},{"taxonomy":"post_tag","embeddable":true,"href":"https:\/\/agora.xtec.cat\/escguillemisarn\/wp-json\/wp\/v2\/tags?post=2326"}],"curies":[{"name":"wp","href":"https:\/\/api.w.org\/{rel}","templated":true}]}}