{"id":2314,"date":"2022-06-07T17:28:11","date_gmt":"2022-06-07T15:28:11","guid":{"rendered":"https:\/\/agora.xtec.cat\/escguillemisarn\/?p=2314"},"modified":"2022-06-07T17:28:11","modified_gmt":"2022-06-07T15:28:11","slug":"sortida-a-dos-llacs","status":"publish","type":"post","link":"https:\/\/agora.xtec.cat\/escguillemisarn\/general\/sortida-a-dos-llacs\/","title":{"rendered":"SORTIDA A DOS LLACS"},"content":{"rendered":"<p style=\"text-align: left;\">Arriba el final de curs i com ja \u00e9s tradici\u00f3 toca disfrutar i passar-ho d\u2019all\u00f2 m\u00e9s b\u00e9. Avui hem anat a Gimenells i hem passat un gran dia fent activitats d\u2019aigua i d\u2019aventura.<\/p>\n<p>A continuaci\u00f3 us deixem l&#8217;enlla\u00e7 on podreu veure les fotografies de la sortida:<\/p>\n<p><a href=\"https:\/\/photos.app.goo.gl\/sD4dZZeymNsmWBWs6\">https:\/\/photos.app.goo.gl\/sD4dZZeymNsmWBWs6<\/a><\/p>\n","protected":false},"excerpt":{"rendered":"<p>Arriba el final de curs i com ja \u00e9s tradici\u00f3 toca disfrutar i passar-ho d\u2019all\u00f2 m\u00e9s b\u00e9. Avui hem anat a Gimenells i hem passat un gran dia fent activitats d\u2019aigua i d\u2019aventura.<br \/>\nA continuaci\u00f3 us deixem l&#8217;enlla\u00e7 on podreu veure les fotografies de la sortida:<br \/>\n<a&hellip;  <a href=\"https:\/\/agora.xtec.cat\/escguillemisarn\/general\/sortida-a-dos-llacs\/\" title=\"Read SORTIDA A DOS LLACS\">Llegeix m\u00e9s\u00bb<\/a><\/p>\n","protected":false},"author":11,"featured_media":2318,"comment_status":"open","ping_status":"closed","sticky":false,"template":"","format":"standard","meta":{"_bbp_topic_count":0,"_bbp_reply_count":0,"_bbp_total_topic_count":0,"_bbp_total_reply_count":0,"_bbp_voice_count":0,"_bbp_anonymous_reply_count":0,"_bbp_topic_count_hidden":0,"_bbp_reply_count_hidden":0,"_bbp_forum_subforum_count":0,"footnotes":""},"categories":[72,73,1,4,5],"tags":[],"class_list":["post-2314","post","type-post","status-publish","format-standard","has-post-thumbnail","hentry","category-cm","category-cs","category-general","category-portada","category-primaria"],"post_mailing_queue_ids":[],"_links":{"self":[{"href":"https:\/\/agora.xtec.cat\/escguillemisarn\/wp-json\/wp\/v2\/posts\/2314","targetHints":{"allow":["GET"]}}],"collection":[{"href":"https:\/\/agora.xtec.cat\/escguillemisarn\/wp-json\/wp\/v2\/posts"}],"about":[{"href":"https:\/\/agora.xtec.cat\/escguillemisarn\/wp-json\/wp\/v2\/types\/post"}],"author":[{"embeddable":true,"href":"https:\/\/agora.xtec.cat\/escguillemisarn\/wp-json\/wp\/v2\/users\/11"}],"replies":[{"embeddable":true,"href":"https:\/\/agora.xtec.cat\/escguillemisarn\/wp-json\/wp\/v2\/comments?post=2314"}],"version-history":[{"count":3,"href":"https:\/\/agora.xtec.cat\/escguillemisarn\/wp-json\/wp\/v2\/posts\/2314\/revisions"}],"predecessor-version":[{"id":2329,"href":"https:\/\/agora.xtec.cat\/escguillemisarn\/wp-json\/wp\/v2\/posts\/2314\/revisions\/2329"}],"wp:featuredmedia":[{"embeddable":true,"href":"https:\/\/agora.xtec.cat\/escguillemisarn\/wp-json\/wp\/v2\/media\/2318"}],"wp:attachment":[{"href":"https:\/\/agora.xtec.cat\/escguillemisarn\/wp-json\/wp\/v2\/media?parent=2314"}],"wp:term":[{"taxonomy":"category","embeddable":true,"href":"https:\/\/agora.xtec.cat\/escguillemisarn\/wp-json\/wp\/v2\/categories?post=2314"},{"taxonomy":"post_tag","embeddable":true,"href":"https:\/\/agora.xtec.cat\/escguillemisarn\/wp-json\/wp\/v2\/tags?post=2314"}],"curies":[{"name":"wp","href":"https:\/\/api.w.org\/{rel}","templated":true}]}}