{"id":2304,"date":"2022-05-29T23:42:55","date_gmt":"2022-05-29T21:42:55","guid":{"rendered":"https:\/\/agora.xtec.cat\/escguillemisarn\/?p=2304"},"modified":"2022-05-29T23:42:55","modified_gmt":"2022-05-29T21:42:55","slug":"raco-del-protagonista-a-cicle-inicial-lagutzil","status":"publish","type":"post","link":"https:\/\/agora.xtec.cat\/escguillemisarn\/general\/raco-del-protagonista-a-cicle-inicial-lagutzil\/","title":{"rendered":"Rac\u00f3 del protagonista a cicle inicial: l&#8217;agutzil."},"content":{"rendered":"<p>Aquest any, dins el rac\u00f3 del protagonista i el projecte interdisciplinari de les places, hem conegut una persona que t\u00e9 un paper molt important al poble; el Marc, agutzil de la Fuliola i Bold\u00fa.<\/p>\n<p>Cicle inicial hem tingut l&#8217;oportunitat de fer-li una entrevista i descobrir moltes coses sobre la seva feina.<\/p>\n<p><strong>MOLTES GR\u00c0CIES<\/strong> <em>Marc<\/em> per respondre les nostres preguntes. Ens ha agradat molt poder con\u00e8ixer el teu gran ofici!!!!!!!<\/p>\n<p><a href=\"https:\/\/photos.app.goo.gl\/wGosSUiGtwXaJwUZA\">https:\/\/photos.app.goo.gl\/wGosSUiGtwXaJwUZA<\/a><\/p>\n","protected":false},"excerpt":{"rendered":"<p>Aquest any, dins el rac\u00f3 del protagonista i el projecte interdisciplinari de les places, hem conegut una persona que t\u00e9 un paper molt important al poble; el Marc, agutzil de la Fuliola i Bold\u00fa.<br \/>\nCicle inicial hem tingut l&#8217;oportunitat de fer-li una entrevista i descobrir moltes&hellip;  <a href=\"https:\/\/agora.xtec.cat\/escguillemisarn\/general\/raco-del-protagonista-a-cicle-inicial-lagutzil\/\" title=\"Read Rac\u00f3 del protagonista a cicle inicial: l&#8217;agutzil.\">Llegeix m\u00e9s\u00bb<\/a><\/p>\n","protected":false},"author":13,"featured_media":0,"comment_status":"open","ping_status":"closed","sticky":false,"template":"","format":"standard","meta":{"_bbp_topic_count":0,"_bbp_reply_count":0,"_bbp_total_topic_count":0,"_bbp_total_reply_count":0,"_bbp_voice_count":0,"_bbp_anonymous_reply_count":0,"_bbp_topic_count_hidden":0,"_bbp_reply_count_hidden":0,"_bbp_forum_subforum_count":0,"footnotes":""},"categories":[71,77,1,4,5],"tags":[],"class_list":["post-2304","post","type-post","status-publish","format-standard","hentry","category-ci","category-escola-verda","category-general","category-portada","category-primaria"],"post_mailing_queue_ids":[],"_links":{"self":[{"href":"https:\/\/agora.xtec.cat\/escguillemisarn\/wp-json\/wp\/v2\/posts\/2304","targetHints":{"allow":["GET"]}}],"collection":[{"href":"https:\/\/agora.xtec.cat\/escguillemisarn\/wp-json\/wp\/v2\/posts"}],"about":[{"href":"https:\/\/agora.xtec.cat\/escguillemisarn\/wp-json\/wp\/v2\/types\/post"}],"author":[{"embeddable":true,"href":"https:\/\/agora.xtec.cat\/escguillemisarn\/wp-json\/wp\/v2\/users\/13"}],"replies":[{"embeddable":true,"href":"https:\/\/agora.xtec.cat\/escguillemisarn\/wp-json\/wp\/v2\/comments?post=2304"}],"version-history":[{"count":3,"href":"https:\/\/agora.xtec.cat\/escguillemisarn\/wp-json\/wp\/v2\/posts\/2304\/revisions"}],"predecessor-version":[{"id":2309,"href":"https:\/\/agora.xtec.cat\/escguillemisarn\/wp-json\/wp\/v2\/posts\/2304\/revisions\/2309"}],"wp:attachment":[{"href":"https:\/\/agora.xtec.cat\/escguillemisarn\/wp-json\/wp\/v2\/media?parent=2304"}],"wp:term":[{"taxonomy":"category","embeddable":true,"href":"https:\/\/agora.xtec.cat\/escguillemisarn\/wp-json\/wp\/v2\/categories?post=2304"},{"taxonomy":"post_tag","embeddable":true,"href":"https:\/\/agora.xtec.cat\/escguillemisarn\/wp-json\/wp\/v2\/tags?post=2304"}],"curies":[{"name":"wp","href":"https:\/\/api.w.org\/{rel}","templated":true}]}}