{"id":2297,"date":"2022-05-27T11:46:24","date_gmt":"2022-05-27T09:46:24","guid":{"rendered":"https:\/\/agora.xtec.cat\/escguillemisarn\/?p=2297"},"modified":"2022-05-27T11:46:24","modified_gmt":"2022-05-27T09:46:24","slug":"els-i-les-protagonistes-de-sise-primera-sessio","status":"publish","type":"post","link":"https:\/\/agora.xtec.cat\/escguillemisarn\/general\/els-i-les-protagonistes-de-sise-primera-sessio\/","title":{"rendered":"Els i les protagonistes de sis\u00e8 (primera sessi\u00f3)"},"content":{"rendered":"<p>Avui hem comen\u00e7at amb el projecte ELS I LES PROTAGONISTES, l&#8217;alumnat de sis\u00e8 s&#8217;ha estat preparant una presentaci\u00f3 en format power point per explicar la seva afici\u00f3. D&#8217;aquesta manera treballem l&#8217;expressi\u00f3 oral en llengua catalana, les noves tecnologies, el saber parlar davant d&#8217;un p\u00fablic&#8230; Avui hem tingut el plaer d&#8217;aprendre moltes coses sobre diferents temes i explicades pels propis alumnes:<\/p>\n<p>Grup 1: JASMINA I SARA, ens han explicat LA BICICLETA.<\/p>\n<p>Grup 2: JUAN MANUEL, ens ha explicat LA F\u00d2RMULA 1.<\/p>\n<p>Grup 3: MART\u00cd I ROC,\u00a0 ens han explicat EL MOTOCROSS.<\/p>\n<p>Grup 4: MARC, LANSENI I BILAL, ens han explicat EL FUTBOL.<\/p>\n<p>Grup 5: ANDREI, ens ha explicat EL WATERPOLO.<\/p>\n<p>Grup 6: JOAN, ens ha expliat EL FUTBOL.<\/p>\n<p>Moltes gr\u00e0cies per la vostra dedicaci\u00f3 i esfor\u00e7, ho heu fet genial! MOLTES FELICITATS A TOTS I A TOTES!<\/p>\n<p>I el proper divendres tornarem a fer una altra sessi\u00f3 d&#8217;aquest projecte!<\/p>\n<p>En el seg\u00fcent enlla\u00e7 us deixem un recull de les fotografies d&#8217;avui:<\/p>\n<p><a href=\"https:\/\/photos.app.goo.gl\/Xxwj89hQdfqUXSxc9\">https:\/\/photos.app.goo.gl\/Xxwj89hQdfqUXSxc9<\/a><\/p>\n","protected":false},"excerpt":{"rendered":"<p>Avui hem comen\u00e7at amb el projecte ELS I LES PROTAGONISTES, l&#8217;alumnat de sis\u00e8 s&#8217;ha estat preparant una presentaci\u00f3 en format power point per explicar la seva afici\u00f3. D&#8217;aquesta manera treballem l&#8217;expressi\u00f3 oral en llengua catalana, les noves tecnologies, el saber parlar davant d&#8217;un p\u00fablic&#8230; Avui&hellip;  <a href=\"https:\/\/agora.xtec.cat\/escguillemisarn\/general\/els-i-les-protagonistes-de-sise-primera-sessio\/\" title=\"Read Els i les protagonistes de sis\u00e8 (primera sessi\u00f3)\">Llegeix m\u00e9s\u00bb<\/a><\/p>\n","protected":false},"author":1,"featured_media":2298,"comment_status":"open","ping_status":"closed","sticky":false,"template":"","format":"standard","meta":{"_bbp_topic_count":0,"_bbp_reply_count":0,"_bbp_total_topic_count":0,"_bbp_total_reply_count":0,"_bbp_voice_count":0,"_bbp_anonymous_reply_count":0,"_bbp_topic_count_hidden":0,"_bbp_reply_count_hidden":0,"_bbp_forum_subforum_count":0,"footnotes":""},"categories":[73,1,4,5],"tags":[],"class_list":["post-2297","post","type-post","status-publish","format-standard","has-post-thumbnail","hentry","category-cs","category-general","category-portada","category-primaria"],"post_mailing_queue_ids":[],"_links":{"self":[{"href":"https:\/\/agora.xtec.cat\/escguillemisarn\/wp-json\/wp\/v2\/posts\/2297","targetHints":{"allow":["GET"]}}],"collection":[{"href":"https:\/\/agora.xtec.cat\/escguillemisarn\/wp-json\/wp\/v2\/posts"}],"about":[{"href":"https:\/\/agora.xtec.cat\/escguillemisarn\/wp-json\/wp\/v2\/types\/post"}],"author":[{"embeddable":true,"href":"https:\/\/agora.xtec.cat\/escguillemisarn\/wp-json\/wp\/v2\/users\/1"}],"replies":[{"embeddable":true,"href":"https:\/\/agora.xtec.cat\/escguillemisarn\/wp-json\/wp\/v2\/comments?post=2297"}],"version-history":[{"count":1,"href":"https:\/\/agora.xtec.cat\/escguillemisarn\/wp-json\/wp\/v2\/posts\/2297\/revisions"}],"predecessor-version":[{"id":2299,"href":"https:\/\/agora.xtec.cat\/escguillemisarn\/wp-json\/wp\/v2\/posts\/2297\/revisions\/2299"}],"wp:featuredmedia":[{"embeddable":true,"href":"https:\/\/agora.xtec.cat\/escguillemisarn\/wp-json\/wp\/v2\/media\/2298"}],"wp:attachment":[{"href":"https:\/\/agora.xtec.cat\/escguillemisarn\/wp-json\/wp\/v2\/media?parent=2297"}],"wp:term":[{"taxonomy":"category","embeddable":true,"href":"https:\/\/agora.xtec.cat\/escguillemisarn\/wp-json\/wp\/v2\/categories?post=2297"},{"taxonomy":"post_tag","embeddable":true,"href":"https:\/\/agora.xtec.cat\/escguillemisarn\/wp-json\/wp\/v2\/tags?post=2297"}],"curies":[{"name":"wp","href":"https:\/\/api.w.org\/{rel}","templated":true}]}}