{"id":2273,"date":"2022-05-13T09:35:15","date_gmt":"2022-05-13T07:35:15","guid":{"rendered":"https:\/\/agora.xtec.cat\/escguillemisarn\/?p=2273"},"modified":"2022-05-13T09:35:15","modified_gmt":"2022-05-13T07:35:15","slug":"la-muntanya-de-la-sal","status":"publish","type":"post","link":"https:\/\/agora.xtec.cat\/escguillemisarn\/general\/la-muntanya-de-la-sal\/","title":{"rendered":"LA MUNTANYA DE LA SAL"},"content":{"rendered":"<p>Un dia espectacular en tots els sentits!! Avui les i els alumnes de Cicle Mitj\u00e0 i Superior hem anat fins a CARDONA. Hem visitat el castell d\u2019aquesta vila que es va comen\u00e7ar a construir a finals del segle IX. Hem pogut veure diferents estils de construcci\u00f3, el rom\u00e0nic i el g\u00f2tic. Despr\u00e9s hem estat dins la torre de la Minyona on ens han contat una llegenda:<\/p>\n<p><em>&#8220;Fa molts anys, Catalunya era conquerida per guerrers musulmans. Cardona era un poble emmurallat amb un castell de pedra i de sorra. Les festes en el Castell eren properes i tothom feia els preparatius. El Duc de Cardona va convidar al pr\u00edncep moro Abdal\u00e0 a anar a la festa i ell hi va assistir.<\/em><\/p>\n<p><em>Durant la festa, la filla del Duc, Adal\u00e9s, passejava silenciosa i discreta pels jardins del castell. Abdal\u00e0 va sortir a donar un tomb, quan el va sorprendre la bellesa d\u2019Adal\u00e9s. Es van enamorar l\u2019un de l\u2019altre, i es van jurar amor etern. Per\u00f2 van comen\u00e7ar a veure\u2019s de nit i d\u2019amagat. Perqu\u00e8 sabien que si els descobrien els seus dos pobles entrarien en guerra. Les coses no eren gens f\u00e0cils i un dia van ser descoberts. El duc va esclatar d\u2019ira en saber la not\u00edcia, i com a c\u00e0stig va condemnar la seva filla fent-la tancar a pa i aigua per sempre en una torre rodona que hi havia al castell.\u00a0<\/em><\/p>\n<p><em>Perqu\u00e8 la Minyona no pogu\u00e9s parlar mai m\u00e9s amb ning\u00fa, el servent que li passava pel sostre, mitjan\u00e7ant una corda, una mica de pa i aigua cada dia, era cec i mut. La minyona va continuar all\u00e0 tancada durant un llarg temps. Un dia el seu pare, el duc, va accedir a perdonar-la escoltant els consells dels nobles, per\u00f2 quan van obrir la torre, la seva filla havia mort d&#8217;amor i de pena&#8221;.<\/em><\/p>\n<p>Quantes hist\u00f2ries ens han explicat en aquest castell!<\/p>\n<p>Despr\u00e9s hem pogut visitar la GRAN MUNTANYA DE LA SAL. Hem fet un passeig a 86 metres de profunditat per les diferents galeries de la mina. Hem vist les estalagtites i estalagmites que van creixent. Incre\u00efbles!!! Sabeu quan creixen en un any? Cinc cent\u00edmetres!!<\/p>\n<p>Ens ho hem passat molt b\u00e9 i hem apr\u00e8s\u00a0moltes coses d&#8217;un entorn que tenim for\u00e7a aprop.<\/p>\n<p><a href=\"https:\/\/photos.app.goo.gl\/CQsGCdS9kWAYpCyL7\">https:\/\/photos.app.goo.gl\/CQsGCdS9kWAYpCyL7<\/a><\/p>\n<p>&nbsp;<\/p>\n<p>&nbsp;<\/p>\n<p>&nbsp;<\/p>\n","protected":false},"excerpt":{"rendered":"<p>Un dia espectacular en tots els sentits!! Avui les i els alumnes de Cicle Mitj\u00e0 i Superior hem anat fins a CARDONA. Hem visitat el castell d\u2019aquesta vila que es va comen\u00e7ar a construir a finals del segle IX. Hem pogut veure diferents estils de&hellip;  <a href=\"https:\/\/agora.xtec.cat\/escguillemisarn\/general\/la-muntanya-de-la-sal\/\" title=\"Read LA MUNTANYA DE LA SAL\">Llegeix m\u00e9s\u00bb<\/a><\/p>\n","protected":false},"author":11,"featured_media":2277,"comment_status":"open","ping_status":"closed","sticky":false,"template":"","format":"standard","meta":{"_bbp_topic_count":0,"_bbp_reply_count":0,"_bbp_total_topic_count":0,"_bbp_total_reply_count":0,"_bbp_voice_count":0,"_bbp_anonymous_reply_count":0,"_bbp_topic_count_hidden":0,"_bbp_reply_count_hidden":0,"_bbp_forum_subforum_count":0,"footnotes":""},"categories":[72,73,1,5],"tags":[],"class_list":["post-2273","post","type-post","status-publish","format-standard","has-post-thumbnail","hentry","category-cm","category-cs","category-general","category-primaria"],"post_mailing_queue_ids":[],"_links":{"self":[{"href":"https:\/\/agora.xtec.cat\/escguillemisarn\/wp-json\/wp\/v2\/posts\/2273","targetHints":{"allow":["GET"]}}],"collection":[{"href":"https:\/\/agora.xtec.cat\/escguillemisarn\/wp-json\/wp\/v2\/posts"}],"about":[{"href":"https:\/\/agora.xtec.cat\/escguillemisarn\/wp-json\/wp\/v2\/types\/post"}],"author":[{"embeddable":true,"href":"https:\/\/agora.xtec.cat\/escguillemisarn\/wp-json\/wp\/v2\/users\/11"}],"replies":[{"embeddable":true,"href":"https:\/\/agora.xtec.cat\/escguillemisarn\/wp-json\/wp\/v2\/comments?post=2273"}],"version-history":[{"count":2,"href":"https:\/\/agora.xtec.cat\/escguillemisarn\/wp-json\/wp\/v2\/posts\/2273\/revisions"}],"predecessor-version":[{"id":2276,"href":"https:\/\/agora.xtec.cat\/escguillemisarn\/wp-json\/wp\/v2\/posts\/2273\/revisions\/2276"}],"wp:featuredmedia":[{"embeddable":true,"href":"https:\/\/agora.xtec.cat\/escguillemisarn\/wp-json\/wp\/v2\/media\/2277"}],"wp:attachment":[{"href":"https:\/\/agora.xtec.cat\/escguillemisarn\/wp-json\/wp\/v2\/media?parent=2273"}],"wp:term":[{"taxonomy":"category","embeddable":true,"href":"https:\/\/agora.xtec.cat\/escguillemisarn\/wp-json\/wp\/v2\/categories?post=2273"},{"taxonomy":"post_tag","embeddable":true,"href":"https:\/\/agora.xtec.cat\/escguillemisarn\/wp-json\/wp\/v2\/tags?post=2273"}],"curies":[{"name":"wp","href":"https:\/\/api.w.org\/{rel}","templated":true}]}}