{"id":2253,"date":"2022-05-05T13:25:07","date_gmt":"2022-05-05T11:25:07","guid":{"rendered":"https:\/\/agora.xtec.cat\/escguillemisarn\/?p=2253"},"modified":"2022-05-05T13:30:27","modified_gmt":"2022-05-05T11:30:27","slug":"la-clika-ja-ha-arribat","status":"publish","type":"post","link":"https:\/\/agora.xtec.cat\/escguillemisarn\/general\/la-clika-ja-ha-arribat\/","title":{"rendered":"La Clika ja ha arribat!!"},"content":{"rendered":"<p><a href=\"https:\/\/agora.xtec.cat\/escguillemisarn\/wp-content\/uploads\/usu1631\/2022\/05\/clika.jpg\"><img loading=\"lazy\" decoding=\"async\" class=\"alignnone size-large wp-image-2254\" src=\"https:\/\/agora.xtec.cat\/escguillemisarn\/wp-content\/uploads\/usu1631\/2022\/05\/clika-1024x576.jpg\" alt=\"\" width=\"1024\" height=\"576\" srcset=\"https:\/\/agora.xtec.cat\/escguillemisarn\/wp-content\/uploads\/usu1631\/2022\/05\/clika-1024x576.jpg 1024w, https:\/\/agora.xtec.cat\/escguillemisarn\/wp-content\/uploads\/usu1631\/2022\/05\/clika-300x169.jpg 300w, https:\/\/agora.xtec.cat\/escguillemisarn\/wp-content\/uploads\/usu1631\/2022\/05\/clika-768x432.jpg 768w, https:\/\/agora.xtec.cat\/escguillemisarn\/wp-content\/uploads\/usu1631\/2022\/05\/clika.jpg 1280w\" sizes=\"auto, (max-width: 1024px) 100vw, 1024px\" \/><\/a><\/p>\n<p>Benvolgudes fam\u00edlies.<\/p>\n<p>Ahir, dimecres 4 de maig, l&#8217;alumnat de cicle inicial de l&#8217;escola Guillem Isarn va participar (i de quina manera!) a la cantata de la Clika. Ens ho vam passar d&#8217;all\u00f2 m\u00e9s b\u00e9 cantant, ballant i interactuant amb els i les m\u00fasics i moltes nenes i nens d&#8217;altres escoles. Vam omplir l&#8217;auditori Enric Granados de Lleida i vam vibrar i gaudir amb totes les can\u00e7ons. Va ser ESPECTACULAR!!!<\/p>\n<p>Per acabar la jornada vam anar a dinar i a jugar a la Mitjana de Lleida.<\/p>\n<p>Hem dedicat moltes hores a l&#8217;escola i a casa en la preparaci\u00f3 d&#8217;aquesta cantata. De ben segur que les mares, pares, germans, germanes, padrins i padrines tamb\u00e9 us sabeu les can\u00e7ons, per aquest motiu us volem agrair l&#8217;esfor\u00e7 i dedicaci\u00f3 que hi heu posat, gr\u00e0cies a aix\u00f2 ha estat possible obtenir un resultat tant satisfactori com el d&#8217;ahir.<\/p>\n<p>Cal fer una menci\u00f3 especial a les tutores S\u00edlvia i Judith i al Robert pel suport i ajuda donades en tot moment.<\/p>\n<p>A continuaci\u00f3 us deixem algunes fotografies i v\u00eddeos.<\/p>\n<p><a href=\"https:\/\/photos.app.goo.gl\/PvsiSec1Xut3q3Ws9\">https:\/\/photos.app.goo.gl\/PvsiSec1Xut3q3Ws9<\/a><\/p>\n<p>Gr\u00e0cies i fins la propera!!<\/p>\n","protected":false},"excerpt":{"rendered":"<p><a href=\"https:\/\/agora.xtec.cat\/escguillemisarn\/wp-content\/uploads\/usu1631\/2022\/05\/clika.jpg\"><\/a><br \/>\nBenvolgudes fam\u00edlies.<br \/>\nAhir, dimecres 4 de maig, l&#8217;alumnat de cicle inicial de l&#8217;escola Guillem Isarn va participar (i de quina manera!) a la cantata de la Clika. Ens ho vam passar d&#8217;all\u00f2 m\u00e9s b\u00e9 cantant, ballant i interactuant amb els i les m\u00fasics i moltes&hellip;  <a href=\"https:\/\/agora.xtec.cat\/escguillemisarn\/general\/la-clika-ja-ha-arribat\/\" title=\"Read La Clika ja ha arribat!!\">Llegeix m\u00e9s\u00bb<\/a><\/p>\n","protected":false},"author":1,"featured_media":0,"comment_status":"open","ping_status":"closed","sticky":false,"template":"","format":"standard","meta":{"_bbp_topic_count":0,"_bbp_reply_count":0,"_bbp_total_topic_count":0,"_bbp_total_reply_count":0,"_bbp_voice_count":0,"_bbp_anonymous_reply_count":0,"_bbp_topic_count_hidden":0,"_bbp_reply_count_hidden":0,"_bbp_forum_subforum_count":0,"footnotes":""},"categories":[71,1,4,5],"tags":[],"class_list":["post-2253","post","type-post","status-publish","format-standard","hentry","category-ci","category-general","category-portada","category-primaria"],"post_mailing_queue_ids":[],"_links":{"self":[{"href":"https:\/\/agora.xtec.cat\/escguillemisarn\/wp-json\/wp\/v2\/posts\/2253","targetHints":{"allow":["GET"]}}],"collection":[{"href":"https:\/\/agora.xtec.cat\/escguillemisarn\/wp-json\/wp\/v2\/posts"}],"about":[{"href":"https:\/\/agora.xtec.cat\/escguillemisarn\/wp-json\/wp\/v2\/types\/post"}],"author":[{"embeddable":true,"href":"https:\/\/agora.xtec.cat\/escguillemisarn\/wp-json\/wp\/v2\/users\/1"}],"replies":[{"embeddable":true,"href":"https:\/\/agora.xtec.cat\/escguillemisarn\/wp-json\/wp\/v2\/comments?post=2253"}],"version-history":[{"count":2,"href":"https:\/\/agora.xtec.cat\/escguillemisarn\/wp-json\/wp\/v2\/posts\/2253\/revisions"}],"predecessor-version":[{"id":2256,"href":"https:\/\/agora.xtec.cat\/escguillemisarn\/wp-json\/wp\/v2\/posts\/2253\/revisions\/2256"}],"wp:attachment":[{"href":"https:\/\/agora.xtec.cat\/escguillemisarn\/wp-json\/wp\/v2\/media?parent=2253"}],"wp:term":[{"taxonomy":"category","embeddable":true,"href":"https:\/\/agora.xtec.cat\/escguillemisarn\/wp-json\/wp\/v2\/categories?post=2253"},{"taxonomy":"post_tag","embeddable":true,"href":"https:\/\/agora.xtec.cat\/escguillemisarn\/wp-json\/wp\/v2\/tags?post=2253"}],"curies":[{"name":"wp","href":"https:\/\/api.w.org\/{rel}","templated":true}]}}