{"id":2231,"date":"2022-04-22T14:51:05","date_gmt":"2022-04-22T12:51:05","guid":{"rendered":"https:\/\/agora.xtec.cat\/escguillemisarn\/?p=2231"},"modified":"2022-04-22T14:53:57","modified_gmt":"2022-04-22T12:53:57","slug":"celebrem-la-diada-de-sant-jordi22","status":"publish","type":"post","link":"https:\/\/agora.xtec.cat\/escguillemisarn\/general\/celebrem-la-diada-de-sant-jordi22\/","title":{"rendered":"Celebrem la diada de Sant Jordi&#8217;22"},"content":{"rendered":"<p style=\"text-align: left;\">Aquest any, per celebrar la diada de Sant Jordi, hem fet un petit recital de poemes.<\/p>\n<p style=\"text-align: left;\">Cada cicle ho ha fet a la seva pla\u00e7a apadrinada: educaci\u00f3 infantil a la pla\u00e7a Major de Bold\u00fa,<\/p>\n<p style=\"text-align: left;\">cicle inicial a la pla\u00e7a del Portal, cicle mitj\u00e0 a la pla\u00e7a de l&#8217;Esgl\u00e9sia i cicle superior la pla\u00e7a Jaume\u00a0Ferrer.<a style=\"color: #2795b6;\" href=\"https:\/\/agora.xtec.cat\/escguillemisarn\/wp-content\/uploads\/usu1631\/2022\/04\/00-sant-jordi-2019-1050x700-1.jpg\"><img loading=\"lazy\" decoding=\"async\" class=\"wp-image-2232 alignright\" src=\"https:\/\/agora.xtec.cat\/escguillemisarn\/wp-content\/uploads\/usu1631\/2022\/04\/00-sant-jordi-2019-1050x700-1-1024x683.jpg\" alt=\"\" width=\"405\" height=\"270\" srcset=\"https:\/\/agora.xtec.cat\/escguillemisarn\/wp-content\/uploads\/usu1631\/2022\/04\/00-sant-jordi-2019-1050x700-1-1024x683.jpg 1024w, https:\/\/agora.xtec.cat\/escguillemisarn\/wp-content\/uploads\/usu1631\/2022\/04\/00-sant-jordi-2019-1050x700-1-300x200.jpg 300w, https:\/\/agora.xtec.cat\/escguillemisarn\/wp-content\/uploads\/usu1631\/2022\/04\/00-sant-jordi-2019-1050x700-1-768x512.jpg 768w, https:\/\/agora.xtec.cat\/escguillemisarn\/wp-content\/uploads\/usu1631\/2022\/04\/00-sant-jordi-2019-1050x700-1.jpg 1050w\" sizes=\"auto, (max-width: 405px) 100vw, 405px\" \/><\/a><\/p>\n<p style=\"text-align: left;\">\u00a0Tamb\u00e9 hem aprofitat per penjar un codi QR molt original, dedicat a aquest dia tan especial on<\/p>\n<p style=\"text-align: left;\">els llibres i les roses en s\u00f3n els protagonistes.<\/p>\n<p style=\"text-align: left;\">Ja sabeu de qu\u00e8 \u00e9s tracta?<\/p>\n<p style=\"text-align: left;\"><a href=\"https:\/\/photos.app.goo.gl\/BMfyTzuiRZnWXemx9\">https:\/\/photos.app.goo.gl\/BMfyTzuiRZnWXemx9<\/a><\/p>\n<p style=\"text-align: left;\">\u00a0 \u00a0 \u00a0 \u00a0 \u00a0 \u00a0 \u00a0 \u00a0 \u00a0 \u00a0 \u00a0 \u00a0 \u00a0 \u00a0 \u00a0 \u00a0 \u00a0 \u00a0 \u00a0 \u00a0 \u00a0 \u00a0 \u00a0 \u00a0 \u00a0 \u00a0 \u00a0 \u00a0 \u00a0 \u00a0 \u00a0 \u00a0 \u00a0 \u00a0 \u00a0 \u00a0 \u00a0 \u00a0 \u00a0 \u00a0 \u00a0 \u00a0 \u00a0 \u00a0 \u00a0 \u00a0 \u00a0 \u00a0 \u00a0 \u00a0 \u00a0 \u00a0 \u00a0 \u00a0 \u00a0 \u00a0 \u00a0 \u00a0 \u00a0 \u00a0 \u00a0 \u00a0 \u00a0 \u00a0 \u00a0 \u00a0 \u00a0 \u00a0 \u00a0 \u00a0 \u00a0Feli\u00e7 Sant Jordi!!!!!!!<\/p>\n","protected":false},"excerpt":{"rendered":"<p>Aquest any, per celebrar la diada de Sant Jordi, hem fet un petit recital de poemes.<br \/>\nCada cicle ho ha fet a la seva pla\u00e7a apadrinada: educaci\u00f3 infantil a la pla\u00e7a Major de Bold\u00fa,<br \/>\ncicle inicial a la pla\u00e7a del Portal, cicle mitj\u00e0 a la pla\u00e7a de&hellip;  <a href=\"https:\/\/agora.xtec.cat\/escguillemisarn\/general\/celebrem-la-diada-de-sant-jordi22\/\" title=\"Read Celebrem la diada de Sant Jordi&#8217;22\">Llegeix m\u00e9s\u00bb<\/a><\/p>\n","protected":false},"author":13,"featured_media":0,"comment_status":"open","ping_status":"closed","sticky":false,"template":"","format":"standard","meta":{"_bbp_topic_count":0,"_bbp_reply_count":0,"_bbp_total_topic_count":0,"_bbp_total_reply_count":0,"_bbp_voice_count":0,"_bbp_anonymous_reply_count":0,"_bbp_topic_count_hidden":0,"_bbp_reply_count_hidden":0,"_bbp_forum_subforum_count":0,"footnotes":""},"categories":[71,72,73,79,1,2,4,5],"tags":[],"class_list":["post-2231","post","type-post","status-publish","format-standard","hentry","category-ci","category-cm","category-cs","category-foment-de-la-lectura","category-general","category-infantil","category-portada","category-primaria"],"post_mailing_queue_ids":[],"_links":{"self":[{"href":"https:\/\/agora.xtec.cat\/escguillemisarn\/wp-json\/wp\/v2\/posts\/2231","targetHints":{"allow":["GET"]}}],"collection":[{"href":"https:\/\/agora.xtec.cat\/escguillemisarn\/wp-json\/wp\/v2\/posts"}],"about":[{"href":"https:\/\/agora.xtec.cat\/escguillemisarn\/wp-json\/wp\/v2\/types\/post"}],"author":[{"embeddable":true,"href":"https:\/\/agora.xtec.cat\/escguillemisarn\/wp-json\/wp\/v2\/users\/13"}],"replies":[{"embeddable":true,"href":"https:\/\/agora.xtec.cat\/escguillemisarn\/wp-json\/wp\/v2\/comments?post=2231"}],"version-history":[{"count":3,"href":"https:\/\/agora.xtec.cat\/escguillemisarn\/wp-json\/wp\/v2\/posts\/2231\/revisions"}],"predecessor-version":[{"id":2235,"href":"https:\/\/agora.xtec.cat\/escguillemisarn\/wp-json\/wp\/v2\/posts\/2231\/revisions\/2235"}],"wp:attachment":[{"href":"https:\/\/agora.xtec.cat\/escguillemisarn\/wp-json\/wp\/v2\/media?parent=2231"}],"wp:term":[{"taxonomy":"category","embeddable":true,"href":"https:\/\/agora.xtec.cat\/escguillemisarn\/wp-json\/wp\/v2\/categories?post=2231"},{"taxonomy":"post_tag","embeddable":true,"href":"https:\/\/agora.xtec.cat\/escguillemisarn\/wp-json\/wp\/v2\/tags?post=2231"}],"curies":[{"name":"wp","href":"https:\/\/api.w.org\/{rel}","templated":true}]}}