{"id":2225,"date":"2022-04-08T10:28:35","date_gmt":"2022-04-08T08:28:35","guid":{"rendered":"https:\/\/agora.xtec.cat\/escguillemisarn\/?p=2225"},"modified":"2022-04-08T10:34:05","modified_gmt":"2022-04-08T08:34:05","slug":"pastissers-per-un-dia-a-menjar-la-mona","status":"publish","type":"post","link":"https:\/\/agora.xtec.cat\/escguillemisarn\/general\/pastissers-per-un-dia-a-menjar-la-mona\/","title":{"rendered":"Pastissers per un dia! A menjar la mona"},"content":{"rendered":"<p><a href=\"https:\/\/agora.xtec.cat\/escguillemisarn\/wp-content\/uploads\/usu1631\/2022\/04\/Mones-de-Pasqua-facils-de-fer-a-casa03.jpg\"><img loading=\"lazy\" decoding=\"async\" class=\"wp-image-2226 alignleft\" src=\"https:\/\/agora.xtec.cat\/escguillemisarn\/wp-content\/uploads\/usu1631\/2022\/04\/Mones-de-Pasqua-facils-de-fer-a-casa03.jpg\" alt=\"\" width=\"254\" height=\"203\" srcset=\"https:\/\/agora.xtec.cat\/escguillemisarn\/wp-content\/uploads\/usu1631\/2022\/04\/Mones-de-Pasqua-facils-de-fer-a-casa03.jpg 750w, https:\/\/agora.xtec.cat\/escguillemisarn\/wp-content\/uploads\/usu1631\/2022\/04\/Mones-de-Pasqua-facils-de-fer-a-casa03-300x240.jpg 300w\" sizes=\"auto, (max-width: 254px) 100vw, 254px\" \/><\/a>Al final del segon trimestre no pot faltar la mona!<\/p>\n<p>Aix\u00ed que avui, hem dedicat les dues primeres hores a experimentar l&#8217;ofici de pastisser\/a i hem creat les nostre mones, nyam nyam! Despr\u00e9s hem anat a les nostres places que, com b\u00e9 ja sabeu, cada cicle t\u00e9 apadrinada una pla\u00e7a del poble de La Fuliola i del poble de Bold\u00fa, dins del marc del projecte interdisciplinari de l&#8217;Escola, i aquest any ens hem menjat la mona a la pla\u00e7a!<\/p>\n<p>Si voleu veure les fotografies del dia, us les deixem a l&#8217;enlla\u00e7.<\/p>\n<p><a href=\"https:\/\/photos.app.goo.gl\/h2aGdxuT8uLRacyS9\">https:\/\/photos.app.goo.gl\/h2aGdxuT8uLRacyS9<\/a><\/p>\n","protected":false},"excerpt":{"rendered":"<p><a href=\"https:\/\/agora.xtec.cat\/escguillemisarn\/wp-content\/uploads\/usu1631\/2022\/04\/Mones-de-Pasqua-facils-de-fer-a-casa03.jpg\"><\/a>Al final del segon trimestre no pot faltar la mona!<br \/>\nAix\u00ed que avui, hem dedicat les dues primeres hores a experimentar l&#8217;ofici de pastisser\/a i hem creat les nostre mones, nyam nyam! Despr\u00e9s hem anat a les nostres places que, com b\u00e9 ja sabeu, cada&hellip;  <a href=\"https:\/\/agora.xtec.cat\/escguillemisarn\/general\/pastissers-per-un-dia-a-menjar-la-mona\/\" title=\"Read Pastissers per un dia! A menjar la mona\">Llegeix m\u00e9s\u00bb<\/a><\/p>\n","protected":false},"author":18,"featured_media":0,"comment_status":"open","ping_status":"closed","sticky":false,"template":"","format":"standard","meta":{"_bbp_topic_count":0,"_bbp_reply_count":0,"_bbp_total_topic_count":0,"_bbp_total_reply_count":0,"_bbp_voice_count":0,"_bbp_anonymous_reply_count":0,"_bbp_topic_count_hidden":0,"_bbp_reply_count_hidden":0,"_bbp_forum_subforum_count":0,"footnotes":""},"categories":[71,72,73,1,2,4,5],"tags":[],"class_list":["post-2225","post","type-post","status-publish","format-standard","hentry","category-ci","category-cm","category-cs","category-general","category-infantil","category-portada","category-primaria"],"post_mailing_queue_ids":[],"_links":{"self":[{"href":"https:\/\/agora.xtec.cat\/escguillemisarn\/wp-json\/wp\/v2\/posts\/2225","targetHints":{"allow":["GET"]}}],"collection":[{"href":"https:\/\/agora.xtec.cat\/escguillemisarn\/wp-json\/wp\/v2\/posts"}],"about":[{"href":"https:\/\/agora.xtec.cat\/escguillemisarn\/wp-json\/wp\/v2\/types\/post"}],"author":[{"embeddable":true,"href":"https:\/\/agora.xtec.cat\/escguillemisarn\/wp-json\/wp\/v2\/users\/18"}],"replies":[{"embeddable":true,"href":"https:\/\/agora.xtec.cat\/escguillemisarn\/wp-json\/wp\/v2\/comments?post=2225"}],"version-history":[{"count":2,"href":"https:\/\/agora.xtec.cat\/escguillemisarn\/wp-json\/wp\/v2\/posts\/2225\/revisions"}],"predecessor-version":[{"id":2228,"href":"https:\/\/agora.xtec.cat\/escguillemisarn\/wp-json\/wp\/v2\/posts\/2225\/revisions\/2228"}],"wp:attachment":[{"href":"https:\/\/agora.xtec.cat\/escguillemisarn\/wp-json\/wp\/v2\/media?parent=2225"}],"wp:term":[{"taxonomy":"category","embeddable":true,"href":"https:\/\/agora.xtec.cat\/escguillemisarn\/wp-json\/wp\/v2\/categories?post=2225"},{"taxonomy":"post_tag","embeddable":true,"href":"https:\/\/agora.xtec.cat\/escguillemisarn\/wp-json\/wp\/v2\/tags?post=2225"}],"curies":[{"name":"wp","href":"https:\/\/api.w.org\/{rel}","templated":true}]}}