{"id":2223,"date":"2022-04-07T20:06:44","date_gmt":"2022-04-07T18:06:44","guid":{"rendered":"https:\/\/agora.xtec.cat\/escguillemisarn\/?p=2223"},"modified":"2022-04-07T20:06:44","modified_gmt":"2022-04-07T18:06:44","slug":"racons-de-medi-a-2n","status":"publish","type":"post","link":"https:\/\/agora.xtec.cat\/escguillemisarn\/general\/racons-de-medi-a-2n\/","title":{"rendered":"Racons de medi a 2n"},"content":{"rendered":"<p>Com sempre, els racons \u00e9s un dels moments que m\u00e9s en agraden a l&#8217;aula. Amb ells posem en pr\u00e0ctica tot all\u00f2 que aprenem. Us presentem dos dels racons que hem fet.<\/p>\n<p>El primer ha estat l&#8217;elaboraci\u00f3 d&#8217;un penell, el penell \u00e9s un aparell que ens indica en quina direcci\u00f3 bufa el ven.\u00a0 Un cop fet, hem sortit al pati per comprovar si funcionava, ll\u00e0stima que no feia molt vent, per\u00f2 hem pogut veure com es movia una mica.<\/p>\n<p>I com que tamb\u00e9 hem estat treballant les plantes, les seves parts i funcions,\u00a0 ho hem plasmat en una bonica flor.<\/p>\n<p>Cliqueu a l&#8217;enlla\u00e7 per veure les fotos.<\/p>\n<p><a href=\"https:\/\/photos.app.goo.gl\/JKXrJfzB5cf8X4pi6\">https:\/\/photos.app.goo.gl\/JKXrJfzB5cf8X4pi6<\/a><\/p>\n","protected":false},"excerpt":{"rendered":"<p>Com sempre, els racons \u00e9s un dels moments que m\u00e9s en agraden a l&#8217;aula. Amb ells posem en pr\u00e0ctica tot all\u00f2 que aprenem. Us presentem dos dels racons que hem fet.<br \/>\nEl primer ha estat l&#8217;elaboraci\u00f3 d&#8217;un penell, el penell \u00e9s un aparell que ens indica&hellip;  <a href=\"https:\/\/agora.xtec.cat\/escguillemisarn\/general\/racons-de-medi-a-2n\/\" title=\"Read Racons de medi a 2n\">Llegeix m\u00e9s\u00bb<\/a><\/p>\n","protected":false},"author":1,"featured_media":0,"comment_status":"open","ping_status":"closed","sticky":false,"template":"","format":"standard","meta":{"_bbp_topic_count":0,"_bbp_reply_count":0,"_bbp_total_topic_count":0,"_bbp_total_reply_count":0,"_bbp_voice_count":0,"_bbp_anonymous_reply_count":0,"_bbp_topic_count_hidden":0,"_bbp_reply_count_hidden":0,"_bbp_forum_subforum_count":0,"footnotes":""},"categories":[71,1,4,80],"tags":[],"class_list":["post-2223","post","type-post","status-publish","format-standard","hentry","category-ci","category-general","category-portada","category-racons"],"post_mailing_queue_ids":[],"_links":{"self":[{"href":"https:\/\/agora.xtec.cat\/escguillemisarn\/wp-json\/wp\/v2\/posts\/2223","targetHints":{"allow":["GET"]}}],"collection":[{"href":"https:\/\/agora.xtec.cat\/escguillemisarn\/wp-json\/wp\/v2\/posts"}],"about":[{"href":"https:\/\/agora.xtec.cat\/escguillemisarn\/wp-json\/wp\/v2\/types\/post"}],"author":[{"embeddable":true,"href":"https:\/\/agora.xtec.cat\/escguillemisarn\/wp-json\/wp\/v2\/users\/1"}],"replies":[{"embeddable":true,"href":"https:\/\/agora.xtec.cat\/escguillemisarn\/wp-json\/wp\/v2\/comments?post=2223"}],"version-history":[{"count":1,"href":"https:\/\/agora.xtec.cat\/escguillemisarn\/wp-json\/wp\/v2\/posts\/2223\/revisions"}],"predecessor-version":[{"id":2224,"href":"https:\/\/agora.xtec.cat\/escguillemisarn\/wp-json\/wp\/v2\/posts\/2223\/revisions\/2224"}],"wp:attachment":[{"href":"https:\/\/agora.xtec.cat\/escguillemisarn\/wp-json\/wp\/v2\/media?parent=2223"}],"wp:term":[{"taxonomy":"category","embeddable":true,"href":"https:\/\/agora.xtec.cat\/escguillemisarn\/wp-json\/wp\/v2\/categories?post=2223"},{"taxonomy":"post_tag","embeddable":true,"href":"https:\/\/agora.xtec.cat\/escguillemisarn\/wp-json\/wp\/v2\/tags?post=2223"}],"curies":[{"name":"wp","href":"https:\/\/api.w.org\/{rel}","templated":true}]}}