{"id":2204,"date":"2022-03-31T15:00:38","date_gmt":"2022-03-31T13:00:38","guid":{"rendered":"https:\/\/agora.xtec.cat\/escguillemisarn\/?p=2204"},"modified":"2022-04-04T10:53:05","modified_gmt":"2022-04-04T08:53:05","slug":"sortida-a-la-serra-de-bellmunt-almenara","status":"publish","type":"post","link":"https:\/\/agora.xtec.cat\/escguillemisarn\/general\/sortida-a-la-serra-de-bellmunt-almenara\/","title":{"rendered":"Sortida a la Serra de Bellmunt-Almenara"},"content":{"rendered":"<p>Aquest dijous l&#8217;alumnat de Cicle Mitj\u00e0 i Cicle Superior hem anat a la Serra de Bellmunt-Almenara per descobrir els ocells del nostre entorn.<\/p>\n<p>Hem observat i anotat les caracter\u00edstiques d&#8217;una merla, mosquiters, un pit-roig, un gaig&#8230; entre d&#8217;altres, que l&#8217;Enric, el Swen, el Gerard i la Laura, els ornit\u00f2legs, havien capturat ben aviat al mat\u00ed. Hem vist com els anellaven i com diferenciaven entre femelles i mascles, aix\u00ed com quina edat tenien i el pes que feien i&#8230; alguns i algunes de nosaltres els hem pogut alliberar!<\/p>\n<p>Tamb\u00e9 hem apr\u00e8s a distingir entre els diversos rastres que deixen els animals: petjades, excrements, parts com poden ser les plomes d&#8217;un tud\u00f3 o b\u00e9 la closca d&#8217;una tortuga. Hem gaudit molt aprenent tantes curiositats sobre els ocells i la natura del nostre entorn! En els seg\u00fcents enlla\u00e7os podeu veure&#8217;n les fotografies:<\/p>\n<p>Cicle Mitj\u00e0:<\/p>\n<p><a href=\"https:\/\/photos.app.goo.gl\/xM7W48bX2Gw2hUzJA\">https:\/\/photos.app.goo.gl\/xM7W48bX2Gw2hUzJA<\/a><\/p>\n<p>Cicle Superior:<\/p>\n<p><a href=\"https:\/\/drive.google.com\/drive\/folders\/1lJSfWPKRPp59C5O-Bx9WbXgY3mdx6nMr?usp=sharing\">https:\/\/drive.google.com\/drive\/folders\/1lJSfWPKRPp59C5O-Bx9WbXgY3mdx6nMr?usp=sharing<\/a><\/p>\n","protected":false},"excerpt":{"rendered":"<p>Aquest dijous l&#8217;alumnat de Cicle Mitj\u00e0 i Cicle Superior hem anat a la Serra de Bellmunt-Almenara per descobrir els ocells del nostre entorn.<br \/>\nHem observat i anotat les caracter\u00edstiques d&#8217;una merla, mosquiters, un pit-roig, un gaig&#8230; entre d&#8217;altres, que l&#8217;Enric, el Swen, el Gerard i la&hellip;  <a href=\"https:\/\/agora.xtec.cat\/escguillemisarn\/general\/sortida-a-la-serra-de-bellmunt-almenara\/\" title=\"Read Sortida a la Serra de Bellmunt-Almenara\">Llegeix m\u00e9s\u00bb<\/a><\/p>\n","protected":false},"author":7,"featured_media":2210,"comment_status":"open","ping_status":"closed","sticky":false,"template":"","format":"standard","meta":{"_bbp_topic_count":0,"_bbp_reply_count":0,"_bbp_total_topic_count":0,"_bbp_total_reply_count":0,"_bbp_voice_count":0,"_bbp_anonymous_reply_count":0,"_bbp_topic_count_hidden":0,"_bbp_reply_count_hidden":0,"_bbp_forum_subforum_count":0,"footnotes":""},"categories":[72,73,77,1,4,5],"tags":[],"class_list":["post-2204","post","type-post","status-publish","format-standard","has-post-thumbnail","hentry","category-cm","category-cs","category-escola-verda","category-general","category-portada","category-primaria"],"post_mailing_queue_ids":[],"_links":{"self":[{"href":"https:\/\/agora.xtec.cat\/escguillemisarn\/wp-json\/wp\/v2\/posts\/2204","targetHints":{"allow":["GET"]}}],"collection":[{"href":"https:\/\/agora.xtec.cat\/escguillemisarn\/wp-json\/wp\/v2\/posts"}],"about":[{"href":"https:\/\/agora.xtec.cat\/escguillemisarn\/wp-json\/wp\/v2\/types\/post"}],"author":[{"embeddable":true,"href":"https:\/\/agora.xtec.cat\/escguillemisarn\/wp-json\/wp\/v2\/users\/7"}],"replies":[{"embeddable":true,"href":"https:\/\/agora.xtec.cat\/escguillemisarn\/wp-json\/wp\/v2\/comments?post=2204"}],"version-history":[{"count":3,"href":"https:\/\/agora.xtec.cat\/escguillemisarn\/wp-json\/wp\/v2\/posts\/2204\/revisions"}],"predecessor-version":[{"id":2209,"href":"https:\/\/agora.xtec.cat\/escguillemisarn\/wp-json\/wp\/v2\/posts\/2204\/revisions\/2209"}],"wp:featuredmedia":[{"embeddable":true,"href":"https:\/\/agora.xtec.cat\/escguillemisarn\/wp-json\/wp\/v2\/media\/2210"}],"wp:attachment":[{"href":"https:\/\/agora.xtec.cat\/escguillemisarn\/wp-json\/wp\/v2\/media?parent=2204"}],"wp:term":[{"taxonomy":"category","embeddable":true,"href":"https:\/\/agora.xtec.cat\/escguillemisarn\/wp-json\/wp\/v2\/categories?post=2204"},{"taxonomy":"post_tag","embeddable":true,"href":"https:\/\/agora.xtec.cat\/escguillemisarn\/wp-json\/wp\/v2\/tags?post=2204"}],"curies":[{"name":"wp","href":"https:\/\/api.w.org\/{rel}","templated":true}]}}