{"id":2199,"date":"2022-03-29T13:15:53","date_gmt":"2022-03-29T11:15:53","guid":{"rendered":"https:\/\/agora.xtec.cat\/escguillemisarn\/?p=2199"},"modified":"2022-04-04T10:53:56","modified_gmt":"2022-04-04T08:53:56","slug":"fem-collita","status":"publish","type":"post","link":"https:\/\/agora.xtec.cat\/escguillemisarn\/general\/fem-collita\/","title":{"rendered":"Fem collita a Cicle Inicial!!!"},"content":{"rendered":"<p>Totes les verdures que vam plantar al primer trimestre i hem anat cuidant, ja han donat el seu fruit. Aix\u00ed que la setmana<\/p>\n<p>passada vam sortir a l&#8217;hort per fer collita d&#8217;espinacs, bledes, enciams, escaroles i alls tendres.\u00a0<a href=\"https:\/\/agora.xtec.cat\/escguillemisarn\/wp-content\/uploads\/usu1631\/2022\/03\/hortescolar.jpg\"><img loading=\"lazy\" decoding=\"async\" class=\"size-full wp-image-2200 alignright\" src=\"https:\/\/agora.xtec.cat\/escguillemisarn\/wp-content\/uploads\/usu1631\/2022\/03\/hortescolar.jpg\" alt=\"\" width=\"400\" height=\"280\" srcset=\"https:\/\/agora.xtec.cat\/escguillemisarn\/wp-content\/uploads\/usu1631\/2022\/03\/hortescolar.jpg 400w, https:\/\/agora.xtec.cat\/escguillemisarn\/wp-content\/uploads\/usu1631\/2022\/03\/hortescolar-300x210.jpg 300w\" sizes=\"auto, (max-width: 400px) 100vw, 400px\" \/><\/a><\/p>\n<p>Vam descobrir que els br\u00f2quils i col-i-flors no van cr\u00e8ixer i vam deduir que feia falta m\u00e9s espai per fer-se grans.<\/p>\n<p>Tots i totes vam marxar ben contents amb les seves verdures.<\/p>\n<p><a href=\"https:\/\/photos.app.goo.gl\/xYg8RjCnas1UvWkS6\">https:\/\/photos.app.goo.gl\/xYg8RjCnas1UvWkS6<\/a><\/p>\n","protected":false},"excerpt":{"rendered":"<p>Totes les verdures que vam plantar al primer trimestre i hem anat cuidant, ja han donat el seu fruit. Aix\u00ed que la setmana<br \/>\npassada vam sortir a l&#8217;hort per fer collita d&#8217;espinacs, bledes, enciams, escaroles i alls tendres.\u00a0<a href=\"https:\/\/agora.xtec.cat\/escguillemisarn\/wp-content\/uploads\/usu1631\/2022\/03\/hortescolar.jpg\"><\/a><br \/>\nVam descobrir que els br\u00f2quils i col-i-flors no&hellip;  <a href=\"https:\/\/agora.xtec.cat\/escguillemisarn\/general\/fem-collita\/\" title=\"Read Fem collita a Cicle Inicial!!!\">Llegeix m\u00e9s\u00bb<\/a><\/p>\n","protected":false},"author":13,"featured_media":0,"comment_status":"open","ping_status":"closed","sticky":false,"template":"","format":"standard","meta":{"_bbp_topic_count":0,"_bbp_reply_count":0,"_bbp_total_topic_count":0,"_bbp_total_reply_count":0,"_bbp_voice_count":0,"_bbp_anonymous_reply_count":0,"_bbp_topic_count_hidden":0,"_bbp_reply_count_hidden":0,"_bbp_forum_subforum_count":0,"footnotes":""},"categories":[71,77,1,4,5],"tags":[],"class_list":["post-2199","post","type-post","status-publish","format-standard","hentry","category-ci","category-escola-verda","category-general","category-portada","category-primaria"],"post_mailing_queue_ids":[],"_links":{"self":[{"href":"https:\/\/agora.xtec.cat\/escguillemisarn\/wp-json\/wp\/v2\/posts\/2199","targetHints":{"allow":["GET"]}}],"collection":[{"href":"https:\/\/agora.xtec.cat\/escguillemisarn\/wp-json\/wp\/v2\/posts"}],"about":[{"href":"https:\/\/agora.xtec.cat\/escguillemisarn\/wp-json\/wp\/v2\/types\/post"}],"author":[{"embeddable":true,"href":"https:\/\/agora.xtec.cat\/escguillemisarn\/wp-json\/wp\/v2\/users\/13"}],"replies":[{"embeddable":true,"href":"https:\/\/agora.xtec.cat\/escguillemisarn\/wp-json\/wp\/v2\/comments?post=2199"}],"version-history":[{"count":2,"href":"https:\/\/agora.xtec.cat\/escguillemisarn\/wp-json\/wp\/v2\/posts\/2199\/revisions"}],"predecessor-version":[{"id":2202,"href":"https:\/\/agora.xtec.cat\/escguillemisarn\/wp-json\/wp\/v2\/posts\/2199\/revisions\/2202"}],"wp:attachment":[{"href":"https:\/\/agora.xtec.cat\/escguillemisarn\/wp-json\/wp\/v2\/media?parent=2199"}],"wp:term":[{"taxonomy":"category","embeddable":true,"href":"https:\/\/agora.xtec.cat\/escguillemisarn\/wp-json\/wp\/v2\/categories?post=2199"},{"taxonomy":"post_tag","embeddable":true,"href":"https:\/\/agora.xtec.cat\/escguillemisarn\/wp-json\/wp\/v2\/tags?post=2199"}],"curies":[{"name":"wp","href":"https:\/\/api.w.org\/{rel}","templated":true}]}}