{"id":2181,"date":"2022-03-28T13:34:19","date_gmt":"2022-03-28T11:34:19","guid":{"rendered":"https:\/\/agora.xtec.cat\/escguillemisarn\/?p=2181"},"modified":"2022-04-04T10:54:10","modified_gmt":"2022-04-04T08:54:10","slug":"la-clika-ja-es-aqui","status":"publish","type":"post","link":"https:\/\/agora.xtec.cat\/escguillemisarn\/general\/la-clika-ja-es-aqui\/","title":{"rendered":"La Clika ja \u00e9s aqu\u00ed!"},"content":{"rendered":"<p>&nbsp;<\/p>\n<p>Benvolgudes fam\u00edlies!<\/p>\n<p>L&#8217;alumnat de l&#8217;escola s&#8217;est\u00e0 implicant al m\u00e0xim amb el projecte de <strong>la Clika<\/strong>. Poc a poc anem aprenent totes les can\u00e7ons i preparant-nos per la gran posada en escena que tindr\u00e0 lloc ben aviat!<\/p>\n<p>El Robert, conjuntament amb tots els nens i nenes, han preparat aquest arbre guarnit amb motius i missatges dels diferents temes de <strong>la Clika<\/strong>.<\/p>\n<p>A continuaci\u00f3 us deixem algunes fotografies dels alumnes:<\/p>\n<p><a href=\"https:\/\/photos.app.goo.gl\/hqGhWnwEUidbNKee8\">https:\/\/photos.app.goo.gl\/hqGhWnwEUidbNKee8<\/a><\/p>\n<p>Gr\u00e0cies per tot l&#8217;esfor\u00e7 i dedicaci\u00f3!<\/p>\n<p>&nbsp;<\/p>\n<p><a href=\"https:\/\/agora.xtec.cat\/escguillemisarn\/wp-content\/uploads\/usu1631\/2022\/03\/WhatsApp-Image-2022-03-28-at-13.19.18.jpeg\"><img loading=\"lazy\" decoding=\"async\" class=\"alignnone wp-image-2187\" src=\"https:\/\/agora.xtec.cat\/escguillemisarn\/wp-content\/uploads\/usu1631\/2022\/03\/WhatsApp-Image-2022-03-28-at-13.19.18-576x1024.jpeg\" alt=\"\" width=\"255\" height=\"454\" srcset=\"https:\/\/agora.xtec.cat\/escguillemisarn\/wp-content\/uploads\/usu1631\/2022\/03\/WhatsApp-Image-2022-03-28-at-13.19.18-576x1024.jpeg 576w, https:\/\/agora.xtec.cat\/escguillemisarn\/wp-content\/uploads\/usu1631\/2022\/03\/WhatsApp-Image-2022-03-28-at-13.19.18-169x300.jpeg 169w, https:\/\/agora.xtec.cat\/escguillemisarn\/wp-content\/uploads\/usu1631\/2022\/03\/WhatsApp-Image-2022-03-28-at-13.19.18-768x1365.jpeg 768w, https:\/\/agora.xtec.cat\/escguillemisarn\/wp-content\/uploads\/usu1631\/2022\/03\/WhatsApp-Image-2022-03-28-at-13.19.18-864x1536.jpeg 864w, https:\/\/agora.xtec.cat\/escguillemisarn\/wp-content\/uploads\/usu1631\/2022\/03\/WhatsApp-Image-2022-03-28-at-13.19.18.jpeg 900w\" sizes=\"auto, (max-width: 255px) 100vw, 255px\" \/><\/a><\/p>\n","protected":false},"excerpt":{"rendered":"<p>&nbsp;<br \/>\nBenvolgudes fam\u00edlies!<br \/>\nL&#8217;alumnat de l&#8217;escola s&#8217;est\u00e0 implicant al m\u00e0xim amb el projecte de la Clika. Poc a poc anem aprenent totes les can\u00e7ons i preparant-nos per la gran posada en escena que tindr\u00e0 lloc ben aviat!<br \/>\nEl Robert, conjuntament amb tots els nens i nenes, han preparat&hellip;  <a href=\"https:\/\/agora.xtec.cat\/escguillemisarn\/general\/la-clika-ja-es-aqui\/\" title=\"Read La Clika ja \u00e9s aqu\u00ed!\">Llegeix m\u00e9s\u00bb<\/a><\/p>\n","protected":false},"author":1,"featured_media":0,"comment_status":"open","ping_status":"closed","sticky":false,"template":"","format":"standard","meta":{"_bbp_topic_count":0,"_bbp_reply_count":0,"_bbp_total_topic_count":0,"_bbp_total_reply_count":0,"_bbp_voice_count":0,"_bbp_anonymous_reply_count":0,"_bbp_topic_count_hidden":0,"_bbp_reply_count_hidden":0,"_bbp_forum_subforum_count":0,"footnotes":""},"categories":[1,2,5],"tags":[],"class_list":["post-2181","post","type-post","status-publish","format-standard","hentry","category-general","category-infantil","category-primaria"],"post_mailing_queue_ids":[],"_links":{"self":[{"href":"https:\/\/agora.xtec.cat\/escguillemisarn\/wp-json\/wp\/v2\/posts\/2181","targetHints":{"allow":["GET"]}}],"collection":[{"href":"https:\/\/agora.xtec.cat\/escguillemisarn\/wp-json\/wp\/v2\/posts"}],"about":[{"href":"https:\/\/agora.xtec.cat\/escguillemisarn\/wp-json\/wp\/v2\/types\/post"}],"author":[{"embeddable":true,"href":"https:\/\/agora.xtec.cat\/escguillemisarn\/wp-json\/wp\/v2\/users\/1"}],"replies":[{"embeddable":true,"href":"https:\/\/agora.xtec.cat\/escguillemisarn\/wp-json\/wp\/v2\/comments?post=2181"}],"version-history":[{"count":3,"href":"https:\/\/agora.xtec.cat\/escguillemisarn\/wp-json\/wp\/v2\/posts\/2181\/revisions"}],"predecessor-version":[{"id":2192,"href":"https:\/\/agora.xtec.cat\/escguillemisarn\/wp-json\/wp\/v2\/posts\/2181\/revisions\/2192"}],"wp:attachment":[{"href":"https:\/\/agora.xtec.cat\/escguillemisarn\/wp-json\/wp\/v2\/media?parent=2181"}],"wp:term":[{"taxonomy":"category","embeddable":true,"href":"https:\/\/agora.xtec.cat\/escguillemisarn\/wp-json\/wp\/v2\/categories?post=2181"},{"taxonomy":"post_tag","embeddable":true,"href":"https:\/\/agora.xtec.cat\/escguillemisarn\/wp-json\/wp\/v2\/tags?post=2181"}],"curies":[{"name":"wp","href":"https:\/\/api.w.org\/{rel}","templated":true}]}}