{"id":2168,"date":"2022-03-24T09:09:20","date_gmt":"2022-03-24T08:09:20","guid":{"rendered":"https:\/\/agora.xtec.cat\/escguillemisarn\/?p=2168"},"modified":"2022-03-24T09:09:20","modified_gmt":"2022-03-24T08:09:20","slug":"sortida-a-la-placa-apadrinada","status":"publish","type":"post","link":"https:\/\/agora.xtec.cat\/escguillemisarn\/general\/sortida-a-la-placa-apadrinada\/","title":{"rendered":"SORTIDA A LA PLA\u00c7A APADRINADA"},"content":{"rendered":"<p style=\"text-align: left;\"><a href=\"https:\/\/agora.xtec.cat\/escguillemisarn\/wp-content\/uploads\/usu1631\/2022\/03\/WhatsApp-Image-2022-03-23-at-12.58.09-3.jpg\"><img loading=\"lazy\" decoding=\"async\" class=\"alignnone size-large wp-image-2173\" src=\"https:\/\/agora.xtec.cat\/escguillemisarn\/wp-content\/uploads\/usu1631\/2022\/03\/WhatsApp-Image-2022-03-23-at-12.58.09-3-1024x768.jpg\" alt=\"\" width=\"1024\" height=\"768\" srcset=\"https:\/\/agora.xtec.cat\/escguillemisarn\/wp-content\/uploads\/usu1631\/2022\/03\/WhatsApp-Image-2022-03-23-at-12.58.09-3-1024x768.jpg 1024w, https:\/\/agora.xtec.cat\/escguillemisarn\/wp-content\/uploads\/usu1631\/2022\/03\/WhatsApp-Image-2022-03-23-at-12.58.09-3-300x225.jpg 300w, https:\/\/agora.xtec.cat\/escguillemisarn\/wp-content\/uploads\/usu1631\/2022\/03\/WhatsApp-Image-2022-03-23-at-12.58.09-3-768x576.jpg 768w, https:\/\/agora.xtec.cat\/escguillemisarn\/wp-content\/uploads\/usu1631\/2022\/03\/WhatsApp-Image-2022-03-23-at-12.58.09-3-1536x1152.jpg 1536w, https:\/\/agora.xtec.cat\/escguillemisarn\/wp-content\/uploads\/usu1631\/2022\/03\/WhatsApp-Image-2022-03-23-at-12.58.09-3-200x150.jpg 200w, https:\/\/agora.xtec.cat\/escguillemisarn\/wp-content\/uploads\/usu1631\/2022\/03\/WhatsApp-Image-2022-03-23-at-12.58.09-3.jpg 1600w\" sizes=\"auto, (max-width: 1024px) 100vw, 1024px\" \/><\/a>L&#8217;alumnat de cicle superior ahir pel mat\u00ed vam realitzar una sortida a la pla\u00e7a que tenim apadrinada, la pla\u00e7a Jaume Ferrer. El motiu de la sortida va ser poder gravar el v\u00eddeo per donar a con\u00e8ixer la hist\u00f2ria i diferents aspectes i curiositats de la nostra pla\u00e7a. Hav\u00edem preparat molt b\u00e9 els di\u00e0legs i els hav\u00edem entrenat a l&#8217;aula, per\u00f2 ara havia arribat el moment de fer d&#8217;actors, treure&#8217;ns la vergonya i posar-nos davant la c\u00e0mera.<\/p>\n<p>A continuaci\u00f3, en el seg\u00fcent enlla\u00e7, podeu veure un recull de fotografies de la sortida i tamb\u00e9 el resultat del nostre v\u00eddeo. Esperem que us agradi!<\/p>\n<p><a href=\"https:\/\/photos.app.goo.gl\/BUGRRVBGRNdJdZqQ6\">https:\/\/photos.app.goo.gl\/BUGRRVBGRNdJdZqQ6<\/a><\/p>\n","protected":false},"excerpt":{"rendered":"<p><a href=\"https:\/\/agora.xtec.cat\/escguillemisarn\/wp-content\/uploads\/usu1631\/2022\/03\/WhatsApp-Image-2022-03-23-at-12.58.09-3.jpg\"><\/a>L&#8217;alumnat de cicle superior ahir pel mat\u00ed vam realitzar una sortida a la pla\u00e7a que tenim apadrinada, la pla\u00e7a Jaume Ferrer. El motiu de la sortida va ser poder gravar el v\u00eddeo per donar a con\u00e8ixer la hist\u00f2ria i diferents aspectes i curiositats de&hellip;  <a href=\"https:\/\/agora.xtec.cat\/escguillemisarn\/general\/sortida-a-la-placa-apadrinada\/\" title=\"Read SORTIDA A LA PLA\u00c7A APADRINADA\">Llegeix m\u00e9s\u00bb<\/a><\/p>\n","protected":false},"author":1,"featured_media":0,"comment_status":"open","ping_status":"closed","sticky":false,"template":"","format":"standard","meta":{"_bbp_topic_count":0,"_bbp_reply_count":0,"_bbp_total_topic_count":0,"_bbp_total_reply_count":0,"_bbp_voice_count":0,"_bbp_anonymous_reply_count":0,"_bbp_topic_count_hidden":0,"_bbp_reply_count_hidden":0,"_bbp_forum_subforum_count":0,"footnotes":""},"categories":[73,77,1,4,5],"tags":[],"class_list":["post-2168","post","type-post","status-publish","format-standard","hentry","category-cs","category-escola-verda","category-general","category-portada","category-primaria"],"post_mailing_queue_ids":[],"_links":{"self":[{"href":"https:\/\/agora.xtec.cat\/escguillemisarn\/wp-json\/wp\/v2\/posts\/2168","targetHints":{"allow":["GET"]}}],"collection":[{"href":"https:\/\/agora.xtec.cat\/escguillemisarn\/wp-json\/wp\/v2\/posts"}],"about":[{"href":"https:\/\/agora.xtec.cat\/escguillemisarn\/wp-json\/wp\/v2\/types\/post"}],"author":[{"embeddable":true,"href":"https:\/\/agora.xtec.cat\/escguillemisarn\/wp-json\/wp\/v2\/users\/1"}],"replies":[{"embeddable":true,"href":"https:\/\/agora.xtec.cat\/escguillemisarn\/wp-json\/wp\/v2\/comments?post=2168"}],"version-history":[{"count":4,"href":"https:\/\/agora.xtec.cat\/escguillemisarn\/wp-json\/wp\/v2\/posts\/2168\/revisions"}],"predecessor-version":[{"id":2175,"href":"https:\/\/agora.xtec.cat\/escguillemisarn\/wp-json\/wp\/v2\/posts\/2168\/revisions\/2175"}],"wp:attachment":[{"href":"https:\/\/agora.xtec.cat\/escguillemisarn\/wp-json\/wp\/v2\/media?parent=2168"}],"wp:term":[{"taxonomy":"category","embeddable":true,"href":"https:\/\/agora.xtec.cat\/escguillemisarn\/wp-json\/wp\/v2\/categories?post=2168"},{"taxonomy":"post_tag","embeddable":true,"href":"https:\/\/agora.xtec.cat\/escguillemisarn\/wp-json\/wp\/v2\/tags?post=2168"}],"curies":[{"name":"wp","href":"https:\/\/api.w.org\/{rel}","templated":true}]}}